{"id":105258,"date":"2017-01-25T19:24:06","date_gmt":"2017-01-25T21:24:06","guid":{"rendered":"http:\/\/www.redenoticia.com.br\/noticia\/?p=105258"},"modified":"2017-01-24T11:25:50","modified_gmt":"2017-01-24T13:25:50","slug":"resumo-novela-ezel-2601-ezel-se-decepciona-com-ramiz","status":"publish","type":"post","link":"https:\/\/migracao.redenoticia.com.br\/noticia\/2017\/resumo-novela-ezel-2601-ezel-se-decepciona-com-ramiz\/105258","title":{"rendered":"Resumo novela \u201cEzel\u201d 26\/01: Ezel se decepciona com Ramiz"},"content":{"rendered":"<p> <img loading=\"lazy\" decoding=\"async\" class=\"alignleft size-thumbnail wp-image-98061\" src=\"https:\/\/migracao.redenoticia.com.br\/noticia\/imagens\/ezel_novela_band_resumo-150x112.jpg\" alt=\"ezel_novela_band_resumo\" width=\"150\" height=\"112\" srcset=\"https:\/\/migracao.redenoticia.com.br\/noticia\/imagens\/ezel_novela_band_resumo-150x112.jpg 150w, https:\/\/migracao.redenoticia.com.br\/noticia\/imagens\/ezel_novela_band_resumo-265x198.jpg 265w\" sizes=\"auto, (max-width: 150px) 100vw, 150px\" \/><strong><em> Novela \u201cEzel\u201d resumo 26\/01<\/em><\/strong>: Ezel se decepciona com Ramiz ao saber que foi parte de um plano. Ali e Ezel se encontram no cemit\u00e9rio ao lado do t\u00famulo de Eren. Ezel marca um encontro com Bahar. Merti analisa alguns documentos sob a vigil\u00e2ncia de Sebnem. <\/p>\n<p>No capitulo 069 (*), novela \u201cEzel\u201d, quinta-feira, 26 de janeiro &#8211; o m\u00e9dico pede autoriza\u00e7\u00e3o da fam\u00edlia para operar Muntaz. Meliah expulsa Eysan do hospital e Ezel chega. Ezel encontra Ramiz no estacionamento e ele pede ajuda para salvar a filha. A jornalista se encontra com Cengiz em um caf\u00e9 e um homem os observa. Ezel e Ramiz discutem. Serdar mostra a Eysan a barriga machucada e ela fica preocupada. O cart\u00e3o da jornalista \u00e9 recusado no caf\u00e9 e ela vai falar com o gerente. Bahar chega em casa e v\u00ea Eysan cuidando de Serdar.<\/p>\n<p>A jornalista procura pelo gerente, mas se assunta ao se deparar com um homem armado que come\u00e7a a persegui-la. Ramiz se preocupa com a seguran\u00e7a da filha. Bahar pede para Eysan escolher entre ela e o pai. A jornalista anda pela casa e \u00e9 surpreendida pelo atirador do caf\u00e9. Ali amea\u00e7a Serdar com uma faca. Muntaz acorda no hospital e pede para que Ezel se retire do quarto.<\/p>\n<p> Ezel se decepciona com Ramiz ao saber que foi parte de um plano. Ali e Ezel se encontram no cemit\u00e9rio ao lado do t\u00famulo de Eren. Ezel marca um encontro com Bahar. Merti analisa alguns documentos sob a vigil\u00e2ncia de Sebnem. <\/p>\n<p>(*) edi\u00e7\u00e3o da Band, Novela \u201cEzel\u201d, sujeito a altera\u00e7\u00e3o de data e conte\u00fado.<\/p>\n","protected":false},"excerpt":{"rendered":"<p>Novela \u201cEzel\u201d resumo 26\/01: Ezel se decepciona com Ramiz ao saber que foi parte de um plano. Ali e Ezel se encontram no cemit\u00e9rio ao lado do t\u00famulo de Eren. Ezel marca um encontro com Bahar. Merti analisa alguns documentos sob a vigil\u00e2ncia de Sebnem. No capitulo 069 (*), novela \u201cEzel\u201d, quinta-feira, 26 de janeiro [&hellip;]<\/p>\n","protected":false},"author":2,"featured_media":98061,"comment_status":"open","ping_status":"closed","sticky":false,"template":"","format":"standard","meta":{"tdm_status":"","tdm_grid_status":"","footnotes":""},"categories":[390,379,343],"tags":[441],"class_list":{"0":"post-105258","1":"post","2":"type-post","3":"status-publish","4":"format-standard","5":"has-post-thumbnail","7":"category-band","8":"category-novelas","9":"category-televisao","10":"tag-resumo-do-dia"},"_links":{"self":[{"href":"https:\/\/migracao.redenoticia.com.br\/noticia\/wp-json\/wp\/v2\/posts\/105258","targetHints":{"allow":["GET"]}}],"collection":[{"href":"https:\/\/migracao.redenoticia.com.br\/noticia\/wp-json\/wp\/v2\/posts"}],"about":[{"href":"https:\/\/migracao.redenoticia.com.br\/noticia\/wp-json\/wp\/v2\/types\/post"}],"author":[{"embeddable":true,"href":"https:\/\/migracao.redenoticia.com.br\/noticia\/wp-json\/wp\/v2\/users\/2"}],"replies":[{"embeddable":true,"href":"https:\/\/migracao.redenoticia.com.br\/noticia\/wp-json\/wp\/v2\/comments?post=105258"}],"version-history":[{"count":0,"href":"https:\/\/migracao.redenoticia.com.br\/noticia\/wp-json\/wp\/v2\/posts\/105258\/revisions"}],"wp:featuredmedia":[{"embeddable":true,"href":"https:\/\/migracao.redenoticia.com.br\/noticia\/wp-json\/wp\/v2\/media\/98061"}],"wp:attachment":[{"href":"https:\/\/migracao.redenoticia.com.br\/noticia\/wp-json\/wp\/v2\/media?parent=105258"}],"wp:term":[{"taxonomy":"category","embeddable":true,"href":"https:\/\/migracao.redenoticia.com.br\/noticia\/wp-json\/wp\/v2\/categories?post=105258"},{"taxonomy":"post_tag","embeddable":true,"href":"https:\/\/migracao.redenoticia.com.br\/noticia\/wp-json\/wp\/v2\/tags?post=105258"}],"curies":[{"name":"wp","href":"https:\/\/api.w.org\/{rel}","templated":true}]}}