{"id":1053,"date":"2009-04-30T19:23:45","date_gmt":"2009-04-30T23:23:45","guid":{"rendered":"http:\/\/www.redenoticia.com.br\/noticia\/?p=1053"},"modified":"2009-04-30T19:27:59","modified_gmt":"2009-04-30T23:27:59","slug":"inadimplencia-da-empresas-subiu-24","status":"publish","type":"post","link":"https:\/\/migracao.redenoticia.com.br\/noticia\/2009\/inadimplencia-da-empresas-subiu-24\/1053","title":{"rendered":"Inadimpl\u00eancia das empresas subiu 24%"},"content":{"rendered":"<p>Em mar\u00e7o de 2009, a inadimpl\u00eancia das empresas cresceu 24% na compara\u00e7\u00e3o com fevereiro \u00faltimo. \u00c9 o que revela o Indicador Serasa Experian de Inadimpl\u00eancia de Pessoa Jur\u00eddica.\u00a0<\/p>\n<p>O levantamento tamb\u00e9m apontou alta nas varia\u00e7\u00f5es anual e acumulada. Na rela\u00e7\u00e3o de mar\u00e7o de 2009 frente a mar\u00e7o de 2008, o aumento na inadimpl\u00eancia das empresas foi de 50,7%. J\u00e1 na compara\u00e7\u00e3o entre o primeiro trimestre de 2009 e o mesmo per\u00edodo de 2008 a eleva\u00e7\u00e3o foi de 33,1%.<\/p>\n<p>No primeiro trimestre de 2009, o ranking da inadimpl\u00eancia das pessoas jur\u00eddicas foi liderado pelos t\u00edtulos protestados, que tiveram 41,6% de representatividade no indicador. Nos tr\u00eas primeiros meses de 2008, esta participa\u00e7\u00e3o foi de 42,4%.\u00a0<\/p>\n<p>A seguir est\u00e3o os cheques sem fundos, que de janeiro a mar\u00e7o de 2009 representaram 39,3% da inadimpl\u00eancia das empresas. No primeiro trimestre de 2008, tal participa\u00e7\u00e3o foi de 38,4%.<\/p>\n<p>Fecham o ranking as d\u00edvidas com os bancos, que nos tr\u00eas primeiros meses deste ano tiveram uma participa\u00e7\u00e3o de 19,1% no indicador, abaixo dos 19,2% verificados no mesmo per\u00edodo de 2008.\u00a0<\/p>\n<p>Valor m\u00e9dio das d\u00edvidas<\/p>\n<p>No per\u00edodo de janeiro a mar\u00e7o de 2009, o valor m\u00e9dio das d\u00edvidas com os bancos foi de R$ 4.558,11, com alta de 3,3% ante o primeiro trimestre do ano anterior.<\/p>\n<p>J\u00e1 os t\u00edtulos protestados, registraram nos tr\u00eas primeiros meses de 2009 um valor m\u00e9dio de R$ 1.803,09, o que representou um crescimento de 24% na rela\u00e7\u00e3o com o mesmo acumulado de 2008.<\/p>\n<p>Por fim, o valor m\u00e9dio dos cheques sem fundos, de janeiro a mar\u00e7o de 2009, foi de R$ 1.441,10, com 14,8% de crescimento, frente aos tr\u00eas primeiros meses do ano anterior.<\/p>\n<p>An\u00e1lise<\/p>\n<p>Os t\u00e9cnicos da Serasa Experian avaliam que a inadimpl\u00eancia nos neg\u00f3cios apresentou crescimento devido a menor atividade econ\u00f4mica, sobretudo na ind\u00fastria; \u00e0 dificuldade das empresas em se financiar no exterior; \u00e0 situa\u00e7\u00e3o das exportadoras, que sofrem com a recess\u00e3o (falta de demanda) nos pa\u00edses desenvolvidos; \u00e0 desvaloriza\u00e7\u00e3o do real, posto que as empresas endividadas em moeda estrangeira passaram a dever mais e ao aumento da inadimpl\u00eancia do consumidor, que tem efeito direto na tesouraria das empresas.\u00a0<\/p>\n<p>Al\u00e9m disso, as pessoas jur\u00eddicas tamb\u00e9m estavam mais endividadas no longo prazo, antes da chegada da crise no Brasil (\u00faltimo trimestre 2008), para realizar investimentos frente ao crescimento do mercado dom\u00e9stico.<\/p>\n<p>Na compara\u00e7\u00e3o mar\u00e7o com fevereiro de 2009, o aumento \u00e9 explicado tamb\u00e9m pelo efeito calend\u00e1rio, pois o segundo m\u00eas do ano tem 17 dias \u00fateis, enquanto mar\u00e7o tem 22.<\/p>\n","protected":false},"excerpt":{"rendered":"<p>Em mar\u00e7o de 2009, a inadimpl\u00eancia das empresas cresceu 24% na compara\u00e7\u00e3o com fevereiro \u00faltimo. \u00c9 o que revela o Indicador Serasa Experian de Inadimpl\u00eancia de Pessoa Jur\u00eddica.\u00a0 O levantamento tamb\u00e9m apontou alta nas varia\u00e7\u00f5es anual e acumulada. Na rela\u00e7\u00e3o de mar\u00e7o de 2009 frente a mar\u00e7o de 2008, o aumento na inadimpl\u00eancia das empresas [&hellip;]<\/p>\n","protected":false},"author":2,"featured_media":0,"comment_status":"open","ping_status":"open","sticky":false,"template":"","format":"standard","meta":{"tdm_status":"","tdm_grid_status":"","footnotes":""},"categories":[7],"tags":[],"class_list":{"0":"post-1053","1":"post","2":"type-post","3":"status-publish","4":"format-standard","6":"category-economia"},"_links":{"self":[{"href":"https:\/\/migracao.redenoticia.com.br\/noticia\/wp-json\/wp\/v2\/posts\/1053","targetHints":{"allow":["GET"]}}],"collection":[{"href":"https:\/\/migracao.redenoticia.com.br\/noticia\/wp-json\/wp\/v2\/posts"}],"about":[{"href":"https:\/\/migracao.redenoticia.com.br\/noticia\/wp-json\/wp\/v2\/types\/post"}],"author":[{"embeddable":true,"href":"https:\/\/migracao.redenoticia.com.br\/noticia\/wp-json\/wp\/v2\/users\/2"}],"replies":[{"embeddable":true,"href":"https:\/\/migracao.redenoticia.com.br\/noticia\/wp-json\/wp\/v2\/comments?post=1053"}],"version-history":[{"count":0,"href":"https:\/\/migracao.redenoticia.com.br\/noticia\/wp-json\/wp\/v2\/posts\/1053\/revisions"}],"wp:attachment":[{"href":"https:\/\/migracao.redenoticia.com.br\/noticia\/wp-json\/wp\/v2\/media?parent=1053"}],"wp:term":[{"taxonomy":"category","embeddable":true,"href":"https:\/\/migracao.redenoticia.com.br\/noticia\/wp-json\/wp\/v2\/categories?post=1053"},{"taxonomy":"post_tag","embeddable":true,"href":"https:\/\/migracao.redenoticia.com.br\/noticia\/wp-json\/wp\/v2\/tags?post=1053"}],"curies":[{"name":"wp","href":"https:\/\/api.w.org\/{rel}","templated":true}]}}