{"id":105317,"date":"2017-01-25T01:36:35","date_gmt":"2017-01-25T03:36:35","guid":{"rendered":"http:\/\/www.redenoticia.com.br\/noticia\/?p=105317"},"modified":"2017-01-24T20:38:05","modified_gmt":"2017-01-24T22:38:05","slug":"fapesp-anuncia-nova-chamada-de-propostas-com-belmont-forum","status":"publish","type":"post","link":"https:\/\/migracao.redenoticia.com.br\/noticia\/2017\/fapesp-anuncia-nova-chamada-de-propostas-com-belmont-forum\/105317","title":{"rendered":"FAPESP anuncia nova chamada de propostas com Belmont Forum"},"content":{"rendered":"<p> Ag\u00eancia FAPESP \u2013 A FAPESP anuncia uma nova chamada de propostas conjunta com o Belmont Forum, grupo de institui\u00e7\u00f5es de fomento \u00e0 <strong><em>pesquisa sobre mudan\u00e7as globais<\/em><\/strong>. A chamada \u201cTransformations to Sustainability\u201d visa apoiar pesquisa b\u00e1sica e aplicada, feita por pesquisadores do Estado de S\u00e3o Paulo, que resulte em bases cient\u00edficas para a\u00e7\u00f5es e pol\u00edticas a serem adotadas por governos, pelo setor privado e pela sociedade de modo geral.<\/p>\n<p>A chamada \u00e9 apoiada por ag\u00eancias ligadas ao Belmont Forum em diversos pa\u00edses e por ag\u00eancias relacionadas ao New Opportunities for Research Funding Agency Co-operation in Europe (Norface).<\/p>\n<p>Os principais t\u00f3picos de pesquisa que caracterizam a chamada s\u00e3o \u201cGovernance and institutional dimensions of transformations to sustainability\u201d, \u201cEconomy and finance of transformations to sustainability\u201d e \u201cWell-being, quality of life, identity, and social and cultural values in relation to transformations to sustainability\u201d.<\/p>\n<p>As propostas devem seguir as condi\u00e7\u00f5es da modalidade Aux\u00edlio \u00e0 Pesquisa \u2013 Regular.<\/p>\n<p>Proponentes do Estado de S\u00e3o Paulo devem ser pesquisadores estabelecidos, com forma\u00e7\u00e3o em Ci\u00eancias Humanas e Sociais e registro confirmado de trabalhos em projetos interdisciplinares, tais como Projetos Tem\u00e1ticos da FAPESP, na \u00e1rea da proposta apresentada.<\/p>\n<p>A chamada financiar\u00e1 projetos de pesquisa colaborativa de grupos multinacionais por at\u00e9 36 meses, com in\u00edcio em meados de 2018, que ser\u00e3o selecionados em duas etapas (de pr\u00e9-propostas e, para os escolhidos nesta etapa, de propostas completas).<\/p>\n<p>O prazo para envio de pr\u00e9-propostas \u00e9 5 de abril de 2017.<\/p>\n<p>Orienta\u00e7\u00f5es para a chamada \u201cTransformations to Sustainability\u201d est\u00e3o dispon\u00edveis em: .<\/p>\n","protected":false},"excerpt":{"rendered":"<p>Ag\u00eancia FAPESP \u2013 A FAPESP anuncia uma nova chamada de propostas conjunta com o Belmont Forum, grupo de institui\u00e7\u00f5es de fomento \u00e0 pesquisa sobre mudan\u00e7as globais. A chamada \u201cTransformations to Sustainability\u201d visa apoiar pesquisa b\u00e1sica e aplicada, feita por pesquisadores do Estado de S\u00e3o Paulo, que resulte em bases cient\u00edficas para a\u00e7\u00f5es e pol\u00edticas a [&hellip;]<\/p>\n","protected":false},"author":2,"featured_media":37419,"comment_status":"open","ping_status":"closed","sticky":false,"template":"","format":"standard","meta":{"tdm_status":"","tdm_grid_status":"","footnotes":""},"categories":[22,370,353],"tags":[],"class_list":{"0":"post-105317","1":"post","2":"type-post","3":"status-publish","4":"format-standard","5":"has-post-thumbnail","7":"category-brasil","8":"category-inscricao","9":"category-oportunidades"},"_links":{"self":[{"href":"https:\/\/migracao.redenoticia.com.br\/noticia\/wp-json\/wp\/v2\/posts\/105317","targetHints":{"allow":["GET"]}}],"collection":[{"href":"https:\/\/migracao.redenoticia.com.br\/noticia\/wp-json\/wp\/v2\/posts"}],"about":[{"href":"https:\/\/migracao.redenoticia.com.br\/noticia\/wp-json\/wp\/v2\/types\/post"}],"author":[{"embeddable":true,"href":"https:\/\/migracao.redenoticia.com.br\/noticia\/wp-json\/wp\/v2\/users\/2"}],"replies":[{"embeddable":true,"href":"https:\/\/migracao.redenoticia.com.br\/noticia\/wp-json\/wp\/v2\/comments?post=105317"}],"version-history":[{"count":0,"href":"https:\/\/migracao.redenoticia.com.br\/noticia\/wp-json\/wp\/v2\/posts\/105317\/revisions"}],"wp:featuredmedia":[{"embeddable":true,"href":"https:\/\/migracao.redenoticia.com.br\/noticia\/wp-json\/wp\/v2\/media\/37419"}],"wp:attachment":[{"href":"https:\/\/migracao.redenoticia.com.br\/noticia\/wp-json\/wp\/v2\/media?parent=105317"}],"wp:term":[{"taxonomy":"category","embeddable":true,"href":"https:\/\/migracao.redenoticia.com.br\/noticia\/wp-json\/wp\/v2\/categories?post=105317"},{"taxonomy":"post_tag","embeddable":true,"href":"https:\/\/migracao.redenoticia.com.br\/noticia\/wp-json\/wp\/v2\/tags?post=105317"}],"curies":[{"name":"wp","href":"https:\/\/api.w.org\/{rel}","templated":true}]}}