{"id":105319,"date":"2017-01-25T01:38:11","date_gmt":"2017-01-25T03:38:11","guid":{"rendered":"http:\/\/www.redenoticia.com.br\/noticia\/?p=105319"},"modified":"2017-01-24T20:39:52","modified_gmt":"2017-01-24T22:39:52","slug":"pro-sangue-sp-convoca-populacao-para-doar-sangue","status":"publish","type":"post","link":"https:\/\/migracao.redenoticia.com.br\/noticia\/2017\/pro-sangue-sp-convoca-populacao-para-doar-sangue\/105319","title":{"rendered":"Pr\u00f3-Sangue SP convoca popula\u00e7\u00e3o para doar sangue"},"content":{"rendered":"<p> \u00c9 muito comum diminuir o n\u00famero de <strong><em>doadores de sangue<\/em><\/strong> no per\u00edodo de f\u00e9rias, \u00e9 o que revela a Funda\u00e7\u00e3o Pr\u00f3 Sangue SP. Com isso, o estoque tende a reduzir. Por conta disso, a Funda\u00e7\u00e3o\u00a0convoca a popula\u00e7\u00e3o que estiver na capital paulista para doar, principalmente os candidatos do tipo O positivo, O negativo e A negativo.<\/p>\n<p>O posto Cl\u00ednicas fica na Av. Dr. En\u00e9as Carvalho de Aguiar, 155 \u2013 1\u00ba andar, pr\u00f3ximo ao Metr\u00f4 Cl\u00ednicas. Atende de segunda a sexta-feira das 7 \u00e0s 18h00, s\u00e1bados, feriados e emendas de feriados, das 8 \u00e0s 17h00; domingos, 1\u00ba e 3\u00ba de cada m\u00eas, das 8 \u00e0s 13h00.<\/p>\n<p>Para outros locais, <u><\/u>.<\/p>\n<p>Conhe\u00e7a os requisitos para doa\u00e7\u00e3o de sangue:<br \/>\n\u2013 Estar em boas condi\u00e7\u00f5es de sa\u00fade.<br \/>\n\u2013 Ter entre 16 e 69 anos, desde que a primeira doa\u00e7\u00e3o tenha sido feita at\u00e9 60 anos (menores de 18 anos, clique para ver\u00a0\u00a0e\u00a0).<br \/>\n\u2013 Pesar no m\u00ednimo 50kg.<br \/>\n\u2013 Estar descansado (ter dormido pelo menos 6 horas nas \u00faltimas 24 horas).<br \/>\n\u2013 Estar alimentado (evitar alimenta\u00e7\u00e3o gordurosa nas 4 horas que antecedem a doa\u00e7\u00e3o).<br \/>\n\u2013 Apresentar documento original com foto emitido por \u00f3rg\u00e3o oficial (Carteira de Identidade, Cart\u00e3o de Identidade de Profissional Liberal, Carteira de Trabalho e Previd\u00eancia Social).<\/p>\n<p>Impedimentos tempor\u00e1rios<br \/>\n\u2013 Resfriado: aguardar 7 dias ap\u00f3s desaparecimento dos sintomas.<br \/>\n\u2013 Gravidez.<br \/>\n\u2013 90 dias ap\u00f3s parto normal e 180 dias ap\u00f3s cesariana.<br \/>\n\u2013 Amamenta\u00e7\u00e3o (se o parto ocorreu h\u00e1 menos de 12 meses).<br \/>\n\u2013 Ingest\u00e3o de bebida alco\u00f3lica nas 12 horas que antecedem a doa\u00e7\u00e3o.<br \/>\n\u2013 Tatuagem nos \u00faltimos 12 meses.<br \/>\n\u2013 Situa\u00e7\u00f5es nas quais h\u00e1 maior risco de adquirir doen\u00e7as sexualmente transmiss\u00edveis: aguardar 12 meses.<br \/>\n\u2013 Acre, Amap\u00e1, Amazonas, Rond\u00f4nia, Roraima, Maranh\u00e3o, Mato Grosso, Par\u00e1 e Tocantins s\u00e3o estados onde h\u00e1 alta preval\u00eancia de mal\u00e1ria. Quem esteve nesses Estados deve aguardar 12 meses.<\/p>\n<p>Impedimentos definitivos<br \/>\n\u2013 Hepatite ap\u00f3s os 11 anos de idade (*).<br \/>\n\u2013 Evid\u00eancia cl\u00ednica ou laboratorial das seguintes doen\u00e7as infecciosas transmiss\u00edveis pelo sangue: hepatites B e C, Aids (v\u00edrus HIV), doen\u00e7as associadas aos v\u00edrus HTLV I e II e Doen\u00e7a de Chagas.<br \/>\n\u2013 Uso de drogas il\u00edcitas injet\u00e1veis.<br \/>\n\u2013 Mal\u00e1ria.<\/p>\n<p>* Hepatite ap\u00f3s o 11\u00ba anivers\u00e1rio: recusa definitiva; Hepatite B ou C ap\u00f3s ou antes dos 10 anos: recusa definitiva; Hepatite por medicamento: apto ap\u00f3s a cura e avaliado clinicamente; Hepatite viral (A): ap\u00f3s os 11 anos de idade, se trouxer o exame do diagn\u00f3stico da doen\u00e7a, ser\u00e1 avaliado pelo m\u00e9dico da triagem.<\/p>\n<p>Intervalos para doa\u00e7\u00e3o<br \/>\n\u2013 Homens: 60 dias (m\u00e1ximo de 4 doa\u00e7\u00f5es nos \u00faltimos 12 meses).<br \/>\n\u2013 Mulheres: 90 dias (m\u00e1ximo de 3 doa\u00e7\u00f5es nos \u00faltimos 12 meses).<\/p>\n<p>Veja mais informa\u00e7\u00f5es sobre doa\u00e7\u00e3o de sangue no\u00a0.<\/p>\n<p>Do Portal do Governo SP<\/p>\n","protected":false},"excerpt":{"rendered":"<p>\u00c9 muito comum diminuir o n\u00famero de doadores de sangue no per\u00edodo de f\u00e9rias, \u00e9 o que revela a Funda\u00e7\u00e3o Pr\u00f3 Sangue SP. Com isso, o estoque tende a reduzir. Por conta disso, a Funda\u00e7\u00e3o\u00a0convoca a popula\u00e7\u00e3o que estiver na capital paulista para doar, principalmente os candidatos do tipo O positivo, O negativo e A [&hellip;]<\/p>\n","protected":false},"author":2,"featured_media":37376,"comment_status":"open","ping_status":"closed","sticky":false,"template":"","format":"standard","meta":{"tdm_status":"","tdm_grid_status":"","footnotes":""},"categories":[22,5],"tags":[],"class_list":{"0":"post-105319","1":"post","2":"type-post","3":"status-publish","4":"format-standard","5":"has-post-thumbnail","7":"category-brasil","8":"category-saude-e-vida"},"_links":{"self":[{"href":"https:\/\/migracao.redenoticia.com.br\/noticia\/wp-json\/wp\/v2\/posts\/105319","targetHints":{"allow":["GET"]}}],"collection":[{"href":"https:\/\/migracao.redenoticia.com.br\/noticia\/wp-json\/wp\/v2\/posts"}],"about":[{"href":"https:\/\/migracao.redenoticia.com.br\/noticia\/wp-json\/wp\/v2\/types\/post"}],"author":[{"embeddable":true,"href":"https:\/\/migracao.redenoticia.com.br\/noticia\/wp-json\/wp\/v2\/users\/2"}],"replies":[{"embeddable":true,"href":"https:\/\/migracao.redenoticia.com.br\/noticia\/wp-json\/wp\/v2\/comments?post=105319"}],"version-history":[{"count":0,"href":"https:\/\/migracao.redenoticia.com.br\/noticia\/wp-json\/wp\/v2\/posts\/105319\/revisions"}],"wp:featuredmedia":[{"embeddable":true,"href":"https:\/\/migracao.redenoticia.com.br\/noticia\/wp-json\/wp\/v2\/media\/37376"}],"wp:attachment":[{"href":"https:\/\/migracao.redenoticia.com.br\/noticia\/wp-json\/wp\/v2\/media?parent=105319"}],"wp:term":[{"taxonomy":"category","embeddable":true,"href":"https:\/\/migracao.redenoticia.com.br\/noticia\/wp-json\/wp\/v2\/categories?post=105319"},{"taxonomy":"post_tag","embeddable":true,"href":"https:\/\/migracao.redenoticia.com.br\/noticia\/wp-json\/wp\/v2\/tags?post=105319"}],"curies":[{"name":"wp","href":"https:\/\/api.w.org\/{rel}","templated":true}]}}