{"id":105321,"date":"2017-01-25T01:39:58","date_gmt":"2017-01-25T03:39:58","guid":{"rendered":"http:\/\/www.redenoticia.com.br\/noticia\/?p=105321"},"modified":"2017-01-24T20:41:54","modified_gmt":"2017-01-24T22:41:54","slug":"inscricoes-para-o-sisu-podem-ser-feitas-ate-sexta-feira","status":"publish","type":"post","link":"https:\/\/migracao.redenoticia.com.br\/noticia\/2017\/inscricoes-para-o-sisu-podem-ser-feitas-ate-sexta-feira\/105321","title":{"rendered":"Inscri\u00e7\u00f5es para o Sisu podem ser feitas at\u00e9 sexta-feira"},"content":{"rendered":"<p> As inscri\u00e7\u00f5es para o Sistema de Sele\u00e7\u00e3o Unificada () v\u00e3o at\u00e9 sexta-feira (27). Ao todo, s\u00e3o 238.397 vagas em 131 institui\u00e7\u00f5es p\u00fablicas, entre universidades federais e estaduais, institutos federais e institui\u00e7\u00f5es estaduais.<\/p>\n<p>O Sisu seleciona os estudantes com base na nota do Exame Nacional do Ensino M\u00e9dio (Enem). Cabe a cada institui\u00e7\u00e3o definir o c\u00e1lculo que utilizar\u00e1 para a sele\u00e7\u00e3o dos novos alunos. Para participar do processo, o estudante n\u00e3o pode ter tirado nota 0 na reda\u00e7\u00e3o do exame. Ao todo, mais de 6,1 milh\u00f5es fizeram o Enem em 2016.<\/p>\n<p> O resultado ser\u00e1 divulgado no dia 30. O per\u00edodo de matr\u00edcula ser\u00e1 de 3 a 7 de fevereiro. Os candidatos que n\u00e3o forem selecionados na chamada regular poder\u00e3o participar da lista de espera, entre 30 de janeiro e 10 de fevereiro. Esses candidatos ser\u00e3o convocados a partir do dia 16 de fevereiro, caso haja vagas remanescentes.<\/p>\n<p>Nota de corte<\/p>\n<p>Ap\u00f3s a abertura das inscri\u00e7\u00f5es, s\u00e3o divulgadas uma vez por dia ao notas de corte de cada um dos cursos, tanto pelo sistema universal quanto pelo sistema de cotas.<\/p>\n<p>O candidato tamb\u00e9m pode consultar, em seu boletim, a classifica\u00e7\u00e3o parcial na op\u00e7\u00e3o de curso escolhido. Ao final do per\u00edodo de inscri\u00e7\u00e3o, \u00e9 divulgada a lista de selecionados. No boletim de acompanhamento, o candidato pode consultar sua classifica\u00e7\u00e3o e o resultado final. Ao longo do per\u00edodo de inscri\u00e7\u00e3o, o candidato pode mudar as op\u00e7\u00f5es de curso.<\/p>\n<p>O Minist\u00e9rio da Educa\u00e7\u00e3o ressalta que tanto a classifica\u00e7\u00e3o parcial quanto a nota de corte s\u00e3o calculadas a partir das notas dos candidatos inscritos na mesma op\u00e7\u00e3o. Portanto, s\u00e3o apenas uma refer\u00eancia, n\u00e3o sendo garantia de sele\u00e7\u00e3o para a vaga ofertada.<\/p>\n<p>Mariana Tokarnia &#8211; Rep\u00f3rter da Ag\u00eancia Brasil<br \/>\nEdi\u00e7\u00e3o: Gra\u00e7a Adjuto<br \/>\n25\/01\/2017<\/p>\n","protected":false},"excerpt":{"rendered":"<p>As inscri\u00e7\u00f5es para o Sistema de Sele\u00e7\u00e3o Unificada () v\u00e3o at\u00e9 sexta-feira (27). Ao todo, s\u00e3o 238.397 vagas em 131 institui\u00e7\u00f5es p\u00fablicas, entre universidades federais e estaduais, institutos federais e institui\u00e7\u00f5es estaduais. O Sisu seleciona os estudantes com base na nota do Exame Nacional do Ensino M\u00e9dio (Enem). Cabe a cada institui\u00e7\u00e3o definir o c\u00e1lculo [&hellip;]<\/p>\n","protected":false},"author":2,"featured_media":22752,"comment_status":"open","ping_status":"closed","sticky":false,"template":"","format":"standard","meta":{"tdm_status":"","tdm_grid_status":"","footnotes":""},"categories":[22,370,295],"tags":[],"class_list":{"0":"post-105321","1":"post","2":"type-post","3":"status-publish","4":"format-standard","5":"has-post-thumbnail","7":"category-brasil","8":"category-inscricao","9":"category-vestibular"},"_links":{"self":[{"href":"https:\/\/migracao.redenoticia.com.br\/noticia\/wp-json\/wp\/v2\/posts\/105321","targetHints":{"allow":["GET"]}}],"collection":[{"href":"https:\/\/migracao.redenoticia.com.br\/noticia\/wp-json\/wp\/v2\/posts"}],"about":[{"href":"https:\/\/migracao.redenoticia.com.br\/noticia\/wp-json\/wp\/v2\/types\/post"}],"author":[{"embeddable":true,"href":"https:\/\/migracao.redenoticia.com.br\/noticia\/wp-json\/wp\/v2\/users\/2"}],"replies":[{"embeddable":true,"href":"https:\/\/migracao.redenoticia.com.br\/noticia\/wp-json\/wp\/v2\/comments?post=105321"}],"version-history":[{"count":0,"href":"https:\/\/migracao.redenoticia.com.br\/noticia\/wp-json\/wp\/v2\/posts\/105321\/revisions"}],"wp:featuredmedia":[{"embeddable":true,"href":"https:\/\/migracao.redenoticia.com.br\/noticia\/wp-json\/wp\/v2\/media\/22752"}],"wp:attachment":[{"href":"https:\/\/migracao.redenoticia.com.br\/noticia\/wp-json\/wp\/v2\/media?parent=105321"}],"wp:term":[{"taxonomy":"category","embeddable":true,"href":"https:\/\/migracao.redenoticia.com.br\/noticia\/wp-json\/wp\/v2\/categories?post=105321"},{"taxonomy":"post_tag","embeddable":true,"href":"https:\/\/migracao.redenoticia.com.br\/noticia\/wp-json\/wp\/v2\/tags?post=105321"}],"curies":[{"name":"wp","href":"https:\/\/api.w.org\/{rel}","templated":true}]}}