{"id":105354,"date":"2017-01-25T18:05:48","date_gmt":"2017-01-25T20:05:48","guid":{"rendered":"http:\/\/www.redenoticia.com.br\/noticia\/?p=105354"},"modified":"2017-01-25T17:57:00","modified_gmt":"2017-01-25T19:57:00","slug":"novela-malhacao-resumo-2601-joana-e-convidada-para-participar-do-concurso","status":"publish","type":"post","link":"https:\/\/migracao.redenoticia.com.br\/noticia\/2017\/novela-malhacao-resumo-2601-joana-e-convidada-para-participar-do-concurso\/105354","title":{"rendered":"Novela \u201cMalha\u00e7\u00e3o\u201d resumo 26\/01: Joana \u00e9 convidada para participar do Garota Carioca"},"content":{"rendered":"<p><img loading=\"lazy\" decoding=\"async\" class=\"alignleft size-thumbnail wp-image-91715\" src=\"https:\/\/migracao.redenoticia.com.br\/noticia\/imagens\/malhacao_pro_dia_nascer_feliz_resumo_novela-150x112.jpg\" alt=\"malhacao_pro_dia_nascer_feliz_resumo_novela\" width=\"150\" height=\"112\" srcset=\"https:\/\/migracao.redenoticia.com.br\/noticia\/imagens\/malhacao_pro_dia_nascer_feliz_resumo_novela-150x112.jpg 150w, https:\/\/migracao.redenoticia.com.br\/noticia\/imagens\/malhacao_pro_dia_nascer_feliz_resumo_novela-265x198.jpg 265w\" sizes=\"auto, (max-width: 150px) 100vw, 150px\" \/><strong><em>Novela \u201cMalha\u00e7\u00e3o\u201d resumo 26\/01<\/em><\/strong>:\u00a0Joana chega de Fortaleza e vai assistir ao jogo de Giovane para incentiv\u00e1-lo. Gabriel vence o primeiro jogo contra Giovane. Gabriel provoca Caio e Giovane o aconselha. Enquanto isso, Fl\u00e1vio est\u00e1 \u00e0 procura de garotas para o concurso Garota Carioca. Ele entrevista B\u00e1rbara e, depois, convida Joana para participar do concurso.<\/p>\n<p>No cap\u00edtulo 114 (*), novela \u201cMalha\u00e7\u00e3o\u201d, quinta-feira, 26 de janeiro \u2013 Joana chega para assistir ao jogo de Giovane e incentiva o namorado. Lucas tenta falar com Luiza sobre seu filho, mas T\u00e2nia o interrompe.<\/p>\n<p>R\u00f4mulo afirma a Sula que \u00e9 apaixonado por Nanda. Ricardo e Caio disputam T\u00e2nia, que se irrita. Gabriel vence o primeiro jogo contra Giovane.<\/p>\n<p>Fl\u00e1vio entrevista B\u00e1rbara para o concurso Garota Carioca. Nanda olha para Renato e acredita ver Filipe. Gabriel provoca Caio, e Giovane o aconselha. Fl\u00e1vio convida Joana para participar do concurso Garota Carioca.<\/p>\n<p>(*) edi\u00e7\u00e3o da Rede Globo, Novela \u201cMalha\u00e7\u00e3o\u201d, sujeito a altera\u00e7\u00e3o de data e conte\u00fado.<\/p>\n","protected":false},"excerpt":{"rendered":"<p>Novela \u201cMalha\u00e7\u00e3o\u201d resumo 26\/01:\u00a0Joana chega de Fortaleza e vai assistir ao jogo de Giovane para incentiv\u00e1-lo. Gabriel vence o primeiro jogo contra Giovane. Gabriel provoca Caio e Giovane o aconselha. Enquanto isso, Fl\u00e1vio est\u00e1 \u00e0 procura de garotas para o concurso Garota Carioca. Ele entrevista B\u00e1rbara e, depois, convida Joana para participar do concurso. No [&hellip;]<\/p>\n","protected":false},"author":4,"featured_media":91715,"comment_status":"open","ping_status":"closed","sticky":false,"template":"","format":"standard","meta":{"tdm_status":"","tdm_grid_status":"","footnotes":""},"categories":[447,379,375,343],"tags":[441],"class_list":{"0":"post-105354","1":"post","2":"type-post","3":"status-publish","4":"format-standard","5":"has-post-thumbnail","7":"category-malhacao","8":"category-novelas","9":"category-rede-globo","10":"category-televisao","11":"tag-resumo-do-dia"},"_links":{"self":[{"href":"https:\/\/migracao.redenoticia.com.br\/noticia\/wp-json\/wp\/v2\/posts\/105354","targetHints":{"allow":["GET"]}}],"collection":[{"href":"https:\/\/migracao.redenoticia.com.br\/noticia\/wp-json\/wp\/v2\/posts"}],"about":[{"href":"https:\/\/migracao.redenoticia.com.br\/noticia\/wp-json\/wp\/v2\/types\/post"}],"author":[{"embeddable":true,"href":"https:\/\/migracao.redenoticia.com.br\/noticia\/wp-json\/wp\/v2\/users\/4"}],"replies":[{"embeddable":true,"href":"https:\/\/migracao.redenoticia.com.br\/noticia\/wp-json\/wp\/v2\/comments?post=105354"}],"version-history":[{"count":0,"href":"https:\/\/migracao.redenoticia.com.br\/noticia\/wp-json\/wp\/v2\/posts\/105354\/revisions"}],"wp:featuredmedia":[{"embeddable":true,"href":"https:\/\/migracao.redenoticia.com.br\/noticia\/wp-json\/wp\/v2\/media\/91715"}],"wp:attachment":[{"href":"https:\/\/migracao.redenoticia.com.br\/noticia\/wp-json\/wp\/v2\/media?parent=105354"}],"wp:term":[{"taxonomy":"category","embeddable":true,"href":"https:\/\/migracao.redenoticia.com.br\/noticia\/wp-json\/wp\/v2\/categories?post=105354"},{"taxonomy":"post_tag","embeddable":true,"href":"https:\/\/migracao.redenoticia.com.br\/noticia\/wp-json\/wp\/v2\/tags?post=105354"}],"curies":[{"name":"wp","href":"https:\/\/api.w.org\/{rel}","templated":true}]}}