{"id":105356,"date":"2017-01-25T17:25:22","date_gmt":"2017-01-25T19:25:22","guid":{"rendered":"http:\/\/www.redenoticia.com.br\/noticia\/?p=105356"},"modified":"2017-01-25T17:55:53","modified_gmt":"2017-01-25T19:55:53","slug":"novela-cheias-de-charme-resumo-2601-patrick-questiona-penha-sobre-prisao-do-pai","status":"publish","type":"post","link":"https:\/\/migracao.redenoticia.com.br\/noticia\/2017\/novela-cheias-de-charme-resumo-2601-patrick-questiona-penha-sobre-prisao-do-pai\/105356","title":{"rendered":"Novela \u201cCheias de Charme\u201d resumo 26\/01: Patrick questiona Penha sobre pris\u00e3o do pai"},"content":{"rendered":"<p><img loading=\"lazy\" decoding=\"async\" class=\"alignleft size-thumbnail wp-image-95548\" src=\"https:\/\/migracao.redenoticia.com.br\/noticia\/imagens\/cheias-de-charme-novela-globo-internacional-resumo-proximo-capitulo-150x112.jpg\" alt=\"cheias-de-charme-novela-globo-internacional-resumo-proximo-capitulo\" width=\"150\" height=\"112\" \/><strong><em>Novela \u201cCheias de Charme\u201d resumo 26\/01<\/em><\/strong>: ao descobrir que Sandro roubou o DVD das Empreguetes para falsific\u00e1-lo, Penha pensa em mant\u00ea-lo preso. Na cadeia, Sandro lamenta ter errado com Penha. Mas Walmir fala que ele pode ter regalias na cadeia em troca de favores para seus amigos. Na volta da turn\u00ea, Patrick pergunta a Penha se foi ela quem mandou prender seu pai. <\/p>\n<p>No cap\u00edtulo 094(*), novela \u201cCheias de Charme\u201d, quinta-feira, 26 de janeiro \u2013 Penha pensa em manter Sandro na cadeia. Ros\u00e1rio afasta Tom. Gilson deixa Samuel ficar em sua casa. Samuel d\u00e1 not\u00edcias para Lygia. Ros\u00e1rio pensa em In\u00e1cio. Conrado pede uma nova chance para Cida.<\/p>\n<p>Sandro lamenta ter errado com Penha. Rodinei se despede dos amigos do Borralho. Socorro fica desolada por n\u00e3o conseguir falar com Chayene. Brunessa se despede de Rodinei. Gilson percebe o interesse de Samuel em Bebel. Ros\u00e1rio decide ir \u00e0 comemora\u00e7\u00e3o do buf\u00ea.<\/p>\n<p>Lygia passa pelo carro de Bebel e n\u00e3o reconhece Samuel no banco do carona. Walmir fala que Sandro pode ter regalias na cadeia em troca de favores para seus amigos. Patrick pergunta a Penha se foi ela quem mandou prender seu pai. In\u00e1cio fica encantado ao ver Ros\u00e1rio na festa do buf\u00ea. Lygia chega \u00e0 casa de Gilson.<\/p>\n<p>(*) edi\u00e7\u00e3o da Rede Globo, Novela \u201cCheias de Charme\u201d, sujeito a altera\u00e7\u00e3o de data e conte\u00fado.<\/p>\n","protected":false},"excerpt":{"rendered":"<p>Novela \u201cCheias de Charme\u201d resumo 26\/01: ao descobrir que Sandro roubou o DVD das Empreguetes para falsific\u00e1-lo, Penha pensa em mant\u00ea-lo preso. Na cadeia, Sandro lamenta ter errado com Penha. Mas Walmir fala que ele pode ter regalias na cadeia em troca de favores para seus amigos. Na volta da turn\u00ea, Patrick pergunta a Penha [&hellip;]<\/p>\n","protected":false},"author":4,"featured_media":95548,"comment_status":"open","ping_status":"closed","sticky":false,"template":"","format":"standard","meta":{"tdm_status":"","tdm_grid_status":"","footnotes":""},"categories":[379,375,343],"tags":[441],"class_list":{"0":"post-105356","1":"post","2":"type-post","3":"status-publish","4":"format-standard","5":"has-post-thumbnail","7":"category-novelas","8":"category-rede-globo","9":"category-televisao","10":"tag-resumo-do-dia"},"_links":{"self":[{"href":"https:\/\/migracao.redenoticia.com.br\/noticia\/wp-json\/wp\/v2\/posts\/105356","targetHints":{"allow":["GET"]}}],"collection":[{"href":"https:\/\/migracao.redenoticia.com.br\/noticia\/wp-json\/wp\/v2\/posts"}],"about":[{"href":"https:\/\/migracao.redenoticia.com.br\/noticia\/wp-json\/wp\/v2\/types\/post"}],"author":[{"embeddable":true,"href":"https:\/\/migracao.redenoticia.com.br\/noticia\/wp-json\/wp\/v2\/users\/4"}],"replies":[{"embeddable":true,"href":"https:\/\/migracao.redenoticia.com.br\/noticia\/wp-json\/wp\/v2\/comments?post=105356"}],"version-history":[{"count":0,"href":"https:\/\/migracao.redenoticia.com.br\/noticia\/wp-json\/wp\/v2\/posts\/105356\/revisions"}],"wp:featuredmedia":[{"embeddable":true,"href":"https:\/\/migracao.redenoticia.com.br\/noticia\/wp-json\/wp\/v2\/media\/95548"}],"wp:attachment":[{"href":"https:\/\/migracao.redenoticia.com.br\/noticia\/wp-json\/wp\/v2\/media?parent=105356"}],"wp:term":[{"taxonomy":"category","embeddable":true,"href":"https:\/\/migracao.redenoticia.com.br\/noticia\/wp-json\/wp\/v2\/categories?post=105356"},{"taxonomy":"post_tag","embeddable":true,"href":"https:\/\/migracao.redenoticia.com.br\/noticia\/wp-json\/wp\/v2\/tags?post=105356"}],"curies":[{"name":"wp","href":"https:\/\/api.w.org\/{rel}","templated":true}]}}