{"id":105379,"date":"2017-01-26T01:10:19","date_gmt":"2017-01-26T03:10:19","guid":{"rendered":"http:\/\/www.redenoticia.com.br\/noticia\/?p=105379"},"modified":"2017-01-25T17:11:25","modified_gmt":"2017-01-25T19:11:25","slug":"super-mei-qualificacao-e-credito-com-juro-zero-a-pequenos-negocios","status":"publish","type":"post","link":"https:\/\/migracao.redenoticia.com.br\/noticia\/2017\/super-mei-qualificacao-e-credito-com-juro-zero-a-pequenos-negocios\/105379","title":{"rendered":"Super MEI: qualifica\u00e7\u00e3o e cr\u00e9dito com juro zero a pequenos neg\u00f3cios"},"content":{"rendered":"<p> Os cidad\u00e3os que possuem pequenos neg\u00f3cios, os chamados microempreendedores, formalizados ou n\u00e3o, contam com a ajuda do Governo do Estado de S\u00e3o Paulo para alavancar o potencial de suas empresas. Por meio do <strong><em>programa Super MEI<\/em><\/strong>, lan\u00e7ado pelo Servi\u00e7o Brasileiro de Apoio \u00e0s Micro e Pequenas Empresas de S\u00e3o Paulo (Sebrae-SP), os participantes t\u00eam \u00e0 disposi\u00e7\u00e3o cinco passos para aumentar suas chances de sucesso.<\/p>\n<p>O processo come\u00e7a com a formaliza\u00e7\u00e3o da empresa, para quem ainda n\u00e3o est\u00e1 regularizado. Depois, \u00e9 poss\u00edvel fazer cursos de gest\u00e3o com dura\u00e7\u00e3o de oito horas promovidos pelo Sebrae-SP, al\u00e9m de capacita\u00e7\u00e3o profissional de 20 a 50 horas nas institui\u00e7\u00f5es parceiras, como o Centro Paula Souza. O acesso ao mercado se d\u00e1 por meio de um aplicativo e um portal, onde ser\u00e1 poss\u00edvel oferecer os produtos e servi\u00e7os.<\/p>\n<p>Por fim, o programa \u201cJuro Zero Empreendedor\u201d financiar\u00e1 o investimento na amplia\u00e7\u00e3o e moderniza\u00e7\u00e3o dos neg\u00f3cios de microempreendedores que realizarem o curso de capacita\u00e7\u00e3o no Super MEI. O programa vai financiar o capital de giro e a compra de m\u00e1quinas e equipamentos, materiais de constru\u00e7\u00e3o, ve\u00edculos utilit\u00e1rios, software e hardware, ferramentas, entre outros itens.<\/p>\n<p>Criado em parceria com a ag\u00eancia estadual Desenvolve SP e Sebrae-SP, o \u201cJuro Zero Empreendedor\u201d disponibilizar\u00e1 um aporte de R$ 10 milh\u00f5es, com empr\u00e9stimos que v\u00e3o de R$ 1 mil at\u00e9 R$ 20 mil com 36 meses para quita\u00e7\u00e3o \u2013 quem atrasar ter\u00e1 que pagar a taxa contratual de 7,5% ao ano, mais os encargos morat\u00f3rios.<\/p>\n<p>As vantagens do Super MEI<br \/>\nNo total, o programa do Sebrae-SP vai oferecer 50 mil vagas para capacita\u00e7\u00e3o dos MEIs, ao longo de 12 meses, em suas institui\u00e7\u00f5es parceiras, somando mais de 160 cursos em 18 segmentos. Ao final do curso, \u00e9 emitido um certificado de conclus\u00e3o.<\/p>\n<p>O Centro Paula Souza disponibiliza vagas em cursos gratuitos de qualifica\u00e7\u00e3o profissional para os microempreendedores individuais (MEI) de todo o Estado. At\u00e9 agora, 1,7 mil vagas para 18 cursos foram oferecidas em 34 munic\u00edpios. Para o in\u00edcio de 2017, est\u00e3o previstas 23 turmas em janeiro e 23 em fevereiro, totalizando 920 vagas para cursos como confeiteiro, decorador de bolo e de festa, make&amp;hair e outros.<\/p>\n<p>S\u00e3o 150 op\u00e7\u00f5es de Forma\u00e7\u00e3o Inicial e Continuada (FIC) em diversas \u00e1reas, como beleza, alimenta\u00e7\u00e3o, constru\u00e7\u00e3o civil, entre outras. As aulas s\u00e3o ministradas, preferencialmente, \u00e0 noite em Escolas T\u00e9cnicas Estaduais (Etecs). Os participantes precisam ter um cadastro de microempreendedor no Sebrae e fazer a inscri\u00e7\u00e3o para os cursos no site .<\/p>\n<p>O MEI poder\u00e1 fazer um curso de sua \u00e1rea de interesse e, ao mesmo tempo, receber orienta\u00e7\u00f5es do Sebrae-SP sobre gest\u00e3o, envolvendo assuntos como controle financeiro e vendas. Um profissional da \u00e1rea de beleza, por exemplo, pode fazer um curso de manicure e pedicure para aprender novas t\u00e9cnicas e tend\u00eancias, enquanto se capacita tamb\u00e9m para administrar melhor as finan\u00e7as de um sal\u00e3o.<\/p>\n<p>\u201cPerto de 1,5 milh\u00e3o podem ser beneficiados, que pertencem ao MEI (Microempreendedor Individual) e faturam R$ 60 mil por ano\u201d, disse o governador Geraldo Alckmin no lan\u00e7amento do programa \u201cJuro Zero Empreendedor\u201d. \u201cMas quem ainda n\u00e3o \u00e9 e quer trabalhar, tamb\u00e9m. Ele vira MEI, se formaliza. O segundo passo \u00e9 o t\u00e9cnico oferecido pelo Sebrae-SP e depois o de gest\u00e3o. O quarto passo \u00e9 a vitrine (uma plataforma que oferece o servi\u00e7o do empreendedor). J\u00e1 o quinto \u00e9 o cr\u00e9dito, sem juros, r\u00e1pido e sem burocracia com aval dado pelo Estado\u201d, concluiu Alckmin.<\/p>\n<p>Do Portal do Governo SP<\/p>\n","protected":false},"excerpt":{"rendered":"<p>Os cidad\u00e3os que possuem pequenos neg\u00f3cios, os chamados microempreendedores, formalizados ou n\u00e3o, contam com a ajuda do Governo do Estado de S\u00e3o Paulo para alavancar o potencial de suas empresas. Por meio do programa Super MEI, lan\u00e7ado pelo Servi\u00e7o Brasileiro de Apoio \u00e0s Micro e Pequenas Empresas de S\u00e3o Paulo (Sebrae-SP), os participantes t\u00eam \u00e0 [&hellip;]<\/p>\n","protected":false},"author":2,"featured_media":28951,"comment_status":"open","ping_status":"closed","sticky":false,"template":"","format":"standard","meta":{"tdm_status":"","tdm_grid_status":"","footnotes":""},"categories":[22,370,353],"tags":[],"class_list":{"0":"post-105379","1":"post","2":"type-post","3":"status-publish","4":"format-standard","5":"has-post-thumbnail","7":"category-brasil","8":"category-inscricao","9":"category-oportunidades"},"_links":{"self":[{"href":"https:\/\/migracao.redenoticia.com.br\/noticia\/wp-json\/wp\/v2\/posts\/105379","targetHints":{"allow":["GET"]}}],"collection":[{"href":"https:\/\/migracao.redenoticia.com.br\/noticia\/wp-json\/wp\/v2\/posts"}],"about":[{"href":"https:\/\/migracao.redenoticia.com.br\/noticia\/wp-json\/wp\/v2\/types\/post"}],"author":[{"embeddable":true,"href":"https:\/\/migracao.redenoticia.com.br\/noticia\/wp-json\/wp\/v2\/users\/2"}],"replies":[{"embeddable":true,"href":"https:\/\/migracao.redenoticia.com.br\/noticia\/wp-json\/wp\/v2\/comments?post=105379"}],"version-history":[{"count":0,"href":"https:\/\/migracao.redenoticia.com.br\/noticia\/wp-json\/wp\/v2\/posts\/105379\/revisions"}],"wp:featuredmedia":[{"embeddable":true,"href":"https:\/\/migracao.redenoticia.com.br\/noticia\/wp-json\/wp\/v2\/media\/28951"}],"wp:attachment":[{"href":"https:\/\/migracao.redenoticia.com.br\/noticia\/wp-json\/wp\/v2\/media?parent=105379"}],"wp:term":[{"taxonomy":"category","embeddable":true,"href":"https:\/\/migracao.redenoticia.com.br\/noticia\/wp-json\/wp\/v2\/categories?post=105379"},{"taxonomy":"post_tag","embeddable":true,"href":"https:\/\/migracao.redenoticia.com.br\/noticia\/wp-json\/wp\/v2\/tags?post=105379"}],"curies":[{"name":"wp","href":"https:\/\/api.w.org\/{rel}","templated":true}]}}