{"id":105381,"date":"2017-01-26T01:11:31","date_gmt":"2017-01-26T03:11:31","guid":{"rendered":"http:\/\/www.redenoticia.com.br\/noticia\/?p=105381"},"modified":"2017-01-25T17:12:54","modified_gmt":"2017-01-25T19:12:54","slug":"material-escolar-ipem-sp-identifica-irregularidades-em-9-dos-produtos","status":"publish","type":"post","link":"https:\/\/migracao.redenoticia.com.br\/noticia\/2017\/material-escolar-ipem-sp-identifica-irregularidades-em-9-dos-produtos\/105381","title":{"rendered":"Material Escolar: Ipem-SP identifica irregularidades em 9% dos produtos"},"content":{"rendered":"<p> O Ipem-SP (Instituto de Pesos e Medidas do Estado de S\u00e3o Paulo) analisou 46 <strong><em>produtos de uso escolar<\/em><\/strong> durante a Opera\u00e7\u00e3o \u201cAluno Nota 10\u201d. Durante a a\u00e7\u00e3o, 9% dos produtos apresentaram irregularidades. Os exames avaliaram se a indica\u00e7\u00e3o quantitativa das embalagens corresponde ao que o consumidor de fato leva para casa.<\/p>\n<p>Foram analisados diferentes artigos de uso escolar como cadernos, etiquetas, purpurina, glitter, clips, pl\u00e1stico para encapar, fita adesiva, cola, tintas (guache, nanquim, acr\u00edlica), papel sulfite, papel crepom, massas de modelar, pap\u00e9is em bloco (canson, vegetal, folha para fich\u00e1rio), entre outros itens, na Capital e nas regionais do instituto localizadas em Bauru, Ribeir\u00e3o Preto, S\u00e3o Carlos e S\u00e3o Jos\u00e9 do Rio Preto.<\/p>\n<p>Na Capital foram encontrados erros papel sulfite e brocal met\u00e1lico. Em S\u00e3o Carlos, erros foram detectados na lantejoula e massa de modelar.<\/p>\n<p>Os fabricantes dos itens em desacordo com as normas foram autuados e t\u00eam at\u00e9 dez dias para apresentar defesa ao Ipem-SP.\u00a0De acordo com a lei federal 9.933\/99, as multas podem variar entre R$ 100 e R$ 1,5 milh\u00e3o.<\/p>\n<p>Em caso de d\u00favidas ou den\u00fancias, o consumidor pode entrar em contato com a Ouvidoria do pelo telefone 0800-0130-522, de segunda a sexta-feira, das 8h \u00e0s 17h, ou pelo e-mail:.<\/p>\n<p>Orienta\u00e7\u00e3o para o consumo<br \/>\n?O Ipem-SP disponibiliza para , que traz dicas ao consumidor sobre o que observar na hora da compra de produtos embalados, t\u00eaxteis, eletrodom\u00e9sticos, itens que devem trazer o selo do Inmetro e tamb\u00e9m a utiliza\u00e7\u00e3o de balan\u00e7as dispon\u00edveis em supermercados, padarias, a\u00e7ougues e outros tipos de com\u00e9rcio.<\/p>\n<p>Do Portal do Governo SP<\/p>\n","protected":false},"excerpt":{"rendered":"<p>O Ipem-SP (Instituto de Pesos e Medidas do Estado de S\u00e3o Paulo) analisou 46 produtos de uso escolar durante a Opera\u00e7\u00e3o \u201cAluno Nota 10\u201d. Durante a a\u00e7\u00e3o, 9% dos produtos apresentaram irregularidades. Os exames avaliaram se a indica\u00e7\u00e3o quantitativa das embalagens corresponde ao que o consumidor de fato leva para casa. Foram analisados diferentes artigos [&hellip;]<\/p>\n","protected":false},"author":2,"featured_media":36262,"comment_status":"open","ping_status":"closed","sticky":false,"template":"","format":"standard","meta":{"tdm_status":"","tdm_grid_status":"","footnotes":""},"categories":[22,7],"tags":[],"class_list":{"0":"post-105381","1":"post","2":"type-post","3":"status-publish","4":"format-standard","5":"has-post-thumbnail","7":"category-brasil","8":"category-economia"},"_links":{"self":[{"href":"https:\/\/migracao.redenoticia.com.br\/noticia\/wp-json\/wp\/v2\/posts\/105381","targetHints":{"allow":["GET"]}}],"collection":[{"href":"https:\/\/migracao.redenoticia.com.br\/noticia\/wp-json\/wp\/v2\/posts"}],"about":[{"href":"https:\/\/migracao.redenoticia.com.br\/noticia\/wp-json\/wp\/v2\/types\/post"}],"author":[{"embeddable":true,"href":"https:\/\/migracao.redenoticia.com.br\/noticia\/wp-json\/wp\/v2\/users\/2"}],"replies":[{"embeddable":true,"href":"https:\/\/migracao.redenoticia.com.br\/noticia\/wp-json\/wp\/v2\/comments?post=105381"}],"version-history":[{"count":0,"href":"https:\/\/migracao.redenoticia.com.br\/noticia\/wp-json\/wp\/v2\/posts\/105381\/revisions"}],"wp:featuredmedia":[{"embeddable":true,"href":"https:\/\/migracao.redenoticia.com.br\/noticia\/wp-json\/wp\/v2\/media\/36262"}],"wp:attachment":[{"href":"https:\/\/migracao.redenoticia.com.br\/noticia\/wp-json\/wp\/v2\/media?parent=105381"}],"wp:term":[{"taxonomy":"category","embeddable":true,"href":"https:\/\/migracao.redenoticia.com.br\/noticia\/wp-json\/wp\/v2\/categories?post=105381"},{"taxonomy":"post_tag","embeddable":true,"href":"https:\/\/migracao.redenoticia.com.br\/noticia\/wp-json\/wp\/v2\/tags?post=105381"}],"curies":[{"name":"wp","href":"https:\/\/api.w.org\/{rel}","templated":true}]}}