{"id":105385,"date":"2017-01-26T01:14:21","date_gmt":"2017-01-26T03:14:21","guid":{"rendered":"http:\/\/www.redenoticia.com.br\/noticia\/?p=105385"},"modified":"2017-01-25T17:15:24","modified_gmt":"2017-01-25T19:15:24","slug":"regiao-metropolitana-de-sao-paulo-fecha-384-mil-postos-de-trabalho-em-dois-anos","status":"publish","type":"post","link":"https:\/\/migracao.redenoticia.com.br\/noticia\/2017\/regiao-metropolitana-de-sao-paulo-fecha-384-mil-postos-de-trabalho-em-dois-anos\/105385","title":{"rendered":"Regi\u00e3o metropolitana de S\u00e3o Paulo fecha 384 mil postos de trabalho em dois anos"},"content":{"rendered":"<p> A regi\u00e3o metropolitana de S\u00e3o Paulo perdeu 384 mil <strong><em>postos de trabalho<\/em><\/strong> entre 2014 e 2016, segundo balan\u00e7o divulgado pela Funda\u00e7\u00e3o Sistema Estadual de An\u00e1lise de Dados (Seade). No total, o \u00f3rg\u00e3o estadual calcula que existam 6,15 milh\u00f5es de trabalhadores na metr\u00f3pole, sendo 5,4 milh\u00f5es na capital.<\/p>\n<p>No munic\u00edpio de S\u00e3o Paulo, de 2015 para 2016, houve o fechamento de 205 mil vagas, fazendo com que o \u00edndice de desemprego atingisse o patamar de 16% no ano passado. Em 2014, o \u00edndice era de 10,3% e, em 2015, de 12,8%.<\/p>\n<p>As taxas de desocupa\u00e7\u00e3o s\u00e3o maiores nas regi\u00f5es do extremo leste e extremo sul da capital paulista. Na primeira, onde est\u00e3o os distritos de Guaianases, S\u00e3o Miguel e Itaquera, o desemprego chegou a 19% em 2016, contra 15,8%, em 2015, e 12,5%, em 2014. Na outra, onde ficam Marsilac, Parelheiros e Graja\u00fa, o percentual de desocupados ficou em 17,5% no ano passado. Em 2015, a taxa na regi\u00e3o era de 12,6% e, em 2014, de 10,8%.<\/p>\n<p>A zona oeste registrou, em 2016, o menor \u00edndice de desemprego, 11,7%. Em 2015, a taxa na regi\u00e3o era de 9,7% e, em 2014, de 8,5%.<\/p>\n<p>Distribui\u00e7\u00e3o<\/p>\n<p>A regi\u00e3o do extremo sul tem o maior contingente de trabalhadores, 1,14 milh\u00e3o de pessoas (23,6% do total), seguida pelos distritos mais ao leste, com 1,05 milh\u00e3o de trabalhadores (22,2% do total).<\/p>\n<p>A maior parte dos empregos est\u00e1, no entanto, nas \u00e1reas com melhor infraestrutura, sendo que 25,4% est\u00e3o no centro-sul, onde ficam os distritos de Santo Amaro, Itaim e Ipiranga. A zona oeste tem 21% dos postos de trabalho e o centro, 17,8%.<\/p>\n<p>Daniel Mello &#8211; Rep\u00f3rter da Ag\u00eancia Brasil<br \/>\nEdi\u00e7\u00e3o: Gra\u00e7a Adjuto<br \/>\n26\/01\/2017<\/p>\n","protected":false},"excerpt":{"rendered":"<p>A regi\u00e3o metropolitana de S\u00e3o Paulo perdeu 384 mil postos de trabalho entre 2014 e 2016, segundo balan\u00e7o divulgado pela Funda\u00e7\u00e3o Sistema Estadual de An\u00e1lise de Dados (Seade). No total, o \u00f3rg\u00e3o estadual calcula que existam 6,15 milh\u00f5es de trabalhadores na metr\u00f3pole, sendo 5,4 milh\u00f5es na capital. No munic\u00edpio de S\u00e3o Paulo, de 2015 para [&hellip;]<\/p>\n","protected":false},"author":2,"featured_media":57585,"comment_status":"open","ping_status":"closed","sticky":false,"template":"","format":"standard","meta":{"tdm_status":"","tdm_grid_status":"","footnotes":""},"categories":[22,7],"tags":[],"class_list":{"0":"post-105385","1":"post","2":"type-post","3":"status-publish","4":"format-standard","5":"has-post-thumbnail","7":"category-brasil","8":"category-economia"},"_links":{"self":[{"href":"https:\/\/migracao.redenoticia.com.br\/noticia\/wp-json\/wp\/v2\/posts\/105385","targetHints":{"allow":["GET"]}}],"collection":[{"href":"https:\/\/migracao.redenoticia.com.br\/noticia\/wp-json\/wp\/v2\/posts"}],"about":[{"href":"https:\/\/migracao.redenoticia.com.br\/noticia\/wp-json\/wp\/v2\/types\/post"}],"author":[{"embeddable":true,"href":"https:\/\/migracao.redenoticia.com.br\/noticia\/wp-json\/wp\/v2\/users\/2"}],"replies":[{"embeddable":true,"href":"https:\/\/migracao.redenoticia.com.br\/noticia\/wp-json\/wp\/v2\/comments?post=105385"}],"version-history":[{"count":0,"href":"https:\/\/migracao.redenoticia.com.br\/noticia\/wp-json\/wp\/v2\/posts\/105385\/revisions"}],"wp:featuredmedia":[{"embeddable":true,"href":"https:\/\/migracao.redenoticia.com.br\/noticia\/wp-json\/wp\/v2\/media\/57585"}],"wp:attachment":[{"href":"https:\/\/migracao.redenoticia.com.br\/noticia\/wp-json\/wp\/v2\/media?parent=105385"}],"wp:term":[{"taxonomy":"category","embeddable":true,"href":"https:\/\/migracao.redenoticia.com.br\/noticia\/wp-json\/wp\/v2\/categories?post=105385"},{"taxonomy":"post_tag","embeddable":true,"href":"https:\/\/migracao.redenoticia.com.br\/noticia\/wp-json\/wp\/v2\/tags?post=105385"}],"curies":[{"name":"wp","href":"https:\/\/api.w.org\/{rel}","templated":true}]}}