{"id":105431,"date":"2017-01-26T19:47:49","date_gmt":"2017-01-26T21:47:49","guid":{"rendered":"http:\/\/www.redenoticia.com.br\/noticia\/?p=105431"},"modified":"2017-01-25T18:49:08","modified_gmt":"2017-01-25T20:49:08","slug":"novela-ezel-resumo-2701-cengiz-pede-para-ficar-na-casa-de-meliah","status":"publish","type":"post","link":"https:\/\/migracao.redenoticia.com.br\/noticia\/2017\/novela-ezel-resumo-2701-cengiz-pede-para-ficar-na-casa-de-meliah\/105431","title":{"rendered":"Novela \u201cEzel\u201d resumo 27\/01: Cengiz pede para ficar na casa de Meliah"},"content":{"rendered":"<p> <img loading=\"lazy\" decoding=\"async\" class=\"alignleft size-thumbnail wp-image-98061\" src=\"https:\/\/migracao.redenoticia.com.br\/noticia\/imagens\/ezel_novela_band_resumo-150x112.jpg\" alt=\"ezel_novela_band_resumo\" width=\"150\" height=\"112\" srcset=\"https:\/\/migracao.redenoticia.com.br\/noticia\/imagens\/ezel_novela_band_resumo-150x112.jpg 150w, https:\/\/migracao.redenoticia.com.br\/noticia\/imagens\/ezel_novela_band_resumo-265x198.jpg 265w\" sizes=\"auto, (max-width: 150px) 100vw, 150px\" \/><strong><em> Novela \u201cEzel\u201d resumo 27\/01<\/em><\/strong>: Merti mostra a Ezel documentos que o Cengiz adulterou. Bahar vai ao apartamento de Ezel e ele prepara uma mesa no terra\u00e7o para os dois. Merti entra no escrit\u00f3rio de Ramiz e encontra o atirador do caf\u00e9. Eysan pede para Cengiz ir at\u00e9 a casa de Meliah. Tefik repara em Sebnem. Cengiz pede para ficar na casa de Meliah.<\/p>\n<p>No capitulo 070 (*), novela \u201cEzel\u201d, sexta-feira, 27 de janeiro &#8211; Ezel se decepciona com Ramiz ao saber que foi parte de um plano. Ali e Ezel se encontram no cemit\u00e9rio ao lado do t\u00famulo de Eren. Ezel marca um encontro com Bahar. Merti analisa alguns documentos sob a vigil\u00e2ncia de Sebnem.<\/p>\n<p> Merti mostra a Ezel documentos que o Cengiz adulterou. Bahar vai ao apartamento de Ezel e ele prepara uma mesa no terra\u00e7o para os dois. Merti entra no escrit\u00f3rio de Ramiz e encontra o atirador do caf\u00e9. Eysan pede para Cengiz ir at\u00e9 a casa de Meliah. Tefik repara em Sebnem. Cengiz pede para ficar na casa de Meliah.<\/p>\n<p> Merti questiona Ali sobre a origem e a administra\u00e7\u00e3o do cassino. Bahar chora ap\u00f3s o encontro com Ezel e Eysan a consola. Ezel vai ao cassino para conversar com Ali. Merti rouba um CD do cofre de Ali e foge. Ezel e Merti se encontram e os dois discutem.<\/p>\n<p>(*) edi\u00e7\u00e3o da Band, Novela \u201cEzel\u201d, sujeito a altera\u00e7\u00e3o de data e conte\u00fado.<\/p>\n","protected":false},"excerpt":{"rendered":"<p>Novela \u201cEzel\u201d resumo 27\/01: Merti mostra a Ezel documentos que o Cengiz adulterou. Bahar vai ao apartamento de Ezel e ele prepara uma mesa no terra\u00e7o para os dois. Merti entra no escrit\u00f3rio de Ramiz e encontra o atirador do caf\u00e9. Eysan pede para Cengiz ir at\u00e9 a casa de Meliah. Tefik repara em Sebnem. [&hellip;]<\/p>\n","protected":false},"author":2,"featured_media":98061,"comment_status":"open","ping_status":"closed","sticky":false,"template":"","format":"standard","meta":{"tdm_status":"","tdm_grid_status":"","footnotes":""},"categories":[390,379,343],"tags":[441],"class_list":{"0":"post-105431","1":"post","2":"type-post","3":"status-publish","4":"format-standard","5":"has-post-thumbnail","7":"category-band","8":"category-novelas","9":"category-televisao","10":"tag-resumo-do-dia"},"_links":{"self":[{"href":"https:\/\/migracao.redenoticia.com.br\/noticia\/wp-json\/wp\/v2\/posts\/105431","targetHints":{"allow":["GET"]}}],"collection":[{"href":"https:\/\/migracao.redenoticia.com.br\/noticia\/wp-json\/wp\/v2\/posts"}],"about":[{"href":"https:\/\/migracao.redenoticia.com.br\/noticia\/wp-json\/wp\/v2\/types\/post"}],"author":[{"embeddable":true,"href":"https:\/\/migracao.redenoticia.com.br\/noticia\/wp-json\/wp\/v2\/users\/2"}],"replies":[{"embeddable":true,"href":"https:\/\/migracao.redenoticia.com.br\/noticia\/wp-json\/wp\/v2\/comments?post=105431"}],"version-history":[{"count":0,"href":"https:\/\/migracao.redenoticia.com.br\/noticia\/wp-json\/wp\/v2\/posts\/105431\/revisions"}],"wp:featuredmedia":[{"embeddable":true,"href":"https:\/\/migracao.redenoticia.com.br\/noticia\/wp-json\/wp\/v2\/media\/98061"}],"wp:attachment":[{"href":"https:\/\/migracao.redenoticia.com.br\/noticia\/wp-json\/wp\/v2\/media?parent=105431"}],"wp:term":[{"taxonomy":"category","embeddable":true,"href":"https:\/\/migracao.redenoticia.com.br\/noticia\/wp-json\/wp\/v2\/categories?post=105431"},{"taxonomy":"post_tag","embeddable":true,"href":"https:\/\/migracao.redenoticia.com.br\/noticia\/wp-json\/wp\/v2\/tags?post=105431"}],"curies":[{"name":"wp","href":"https:\/\/api.w.org\/{rel}","templated":true}]}}