{"id":105475,"date":"2017-01-26T16:25:19","date_gmt":"2017-01-26T18:25:19","guid":{"rendered":"http:\/\/www.redenoticia.com.br\/noticia\/?p=105475"},"modified":"2017-01-26T18:39:23","modified_gmt":"2017-01-26T20:39:23","slug":"novela-querida-inimiga-resumo-2701-ernesto-e-lorena-declaram-se","status":"publish","type":"post","link":"https:\/\/migracao.redenoticia.com.br\/noticia\/2017\/novela-querida-inimiga-resumo-2701-ernesto-e-lorena-declaram-se\/105475","title":{"rendered":"Novela \u201cQuerida Inimiga\u201d resumo 27\/01: Gladis decide brigar pela custodia das crian\u00e7as"},"content":{"rendered":"<p><img loading=\"lazy\" decoding=\"async\" class=\"alignleft size-thumbnail wp-image-99744\" src=\"https:\/\/migracao.redenoticia.com.br\/noticia\/imagens\/querida_inimiga_resumo_novela_SBT-150x112.jpg\" alt=\"querida_inimiga_resumo_novela_sbt\" width=\"150\" height=\"112\" srcset=\"https:\/\/migracao.redenoticia.com.br\/noticia\/imagens\/querida_inimiga_resumo_novela_SBT-150x112.jpg 150w, https:\/\/migracao.redenoticia.com.br\/noticia\/imagens\/querida_inimiga_resumo_novela_SBT-265x198.jpg 265w\" sizes=\"auto, (max-width: 150px) 100vw, 150px\" \/><strong><em>Novela \u201cQuerida Inimiga\u201d resumo 27\/01<\/em><\/strong>:\u00a0Ernesto leva Lorena para um passeio e diz que a ama. Ela confessa o mesmo e eles se beijam. Ernesto e Lorena passam a noite a conversar e Maria e Rose se preocupam com ela. Como a irm\u00e3 e o cunhado de Ernesto faleceram, este est\u00e1 respons\u00e1vel pelos sobrinhos. Ent\u00e3o, Ernesto e Lorena levam Ivan, Gina e Alessandro para um passeio no qual eles se divertem muito, mas Gina se perde e Alessandro se machuca. Eles encontram Gina e levam Alessandro ao hospital. Nesse tempo Sara aparece e Lorena a v\u00ea. Sara diz a Alonso que precisa dele. Alonso pede que ela n\u00e3o o amole mais com isso, pois j\u00e1 decidiu que entre eles nada mais \u00e9 poss\u00edvel. Ivan culpa Ernesto por tudo que ocorreu a sua fam\u00edlia. Ele chama sua tia Gladis para que o ajude. Gladis diz a Ernesto que vai brigar pela custodia das crian\u00e7as. Ivan acusa Ernesto de n\u00e3o dar aten\u00e7\u00e3o a ele e seus irm\u00e3os e diz que quer ir viver com Gladis. <\/p>\n<p>No cap\u00edtulo 053(*), novela \u201cQuerida Inimiga\u201d, sexta-feira, 27 de janeiro \u2013 depois do problema que teve com Alonso, Toribio vai ao apartamento de Paula. Alonso vai atr\u00e1s do pai, mas ele se nega a voltar. Jaqueline faz que Sara perca a paci\u00eancia, pois fica a provocando. Arthur suspeita que Sara est\u00e1 roubando sua av\u00f3 e entra em seu escrit\u00f3rio para buscar alguma informa\u00e7\u00e3o que a comprometa. Ele acaba levando uma pasta com extratos da conta de Sara. Mais tarde, ele os l\u00ea e descobre que Sara desviou grandes quantias de dinheiro da empresa de Hort\u00eancia para contas particulares.<\/p>\n<p>Dar\u00edo e Jaqueline v\u00e3o ao juizado para resolverem suas pend\u00eancias. Eles seguem decididos que querem se divorciar. Jaqueline tem o descaramento de pedir uma pens\u00e3o a Dar\u00edo, mas ele se nega firmemente, ambos acabando assinando o pedido. Ernesto leva Lorena para um passeio e diz que a ama. Ela confessa o mesmo e eles se beijam. Ernesto e Lorena passam a noite conversando e Maria e Rose se preocupam com ela. Lalo diz a Sara que j\u00e1 \u00e9 hora de ela dar outro cheque de cinquenta mil. Betina se sente deprimida porque n\u00e3o sabe nada de Ivan. Zulema diz a Diana e Bruno, que acabaram de chegar da lua de mel, que Hort\u00eancia sofreu um acidente. Bruno fica preocupado. B\u00e1rbara vai \u00e0s compras com Lalo para ajud\u00e1-lo a vestir-se melhor. Ele a diz que o dinheiro \u00e9 de uma heran\u00e7a. Val\u00e9ria e Arthur contam a seus filhos que v\u00e3o se divorciar.<\/p>\n<p>Val\u00e9ria diz a Arthur que ela levar\u00e1 as crian\u00e7as para viver com sua fam\u00edlia. Arthur suplica para que ela n\u00e3o os leve. Alonso diz a Bruno que agora \u00e9 o chefe da cl\u00ednica. Bruno se zanga e o acusa de apunhal\u00e1-lo pelas costas. Ernesto e Lorena levam Ivan, Gina e Alessandro para um passeio no qual eles se divertem muito, mas Gina se perde e Alessandro cai e se machuca. Pouco tempo depois encontram Gina e levam Alessandro ao hospital. Nesse tempo Sara aparece e Lorena a v\u00ea. Sara diz a Alonso que precisa dele. Alonso pede que ela n\u00e3o o amole mais com isso, pois j\u00e1 se decidiu que entre eles nada mais ser\u00e1 poss\u00edvel. Ivan culpa Ernesto por tudo que ocorreu a sua fam\u00edlia. Ele chama sua tia Gladis para que o ajude. Lalo diz a B\u00e1rbara que ela tem uma apar\u00eancia muito jovem e \u00e9 uma mulher muito bonita. Rose e Juliano v\u00e3o passar um dia no campo, e ela se queixa que ele n\u00e3o come nada. Juliano a pede que entenda seu trabalho e diz que n\u00e3o pode engordar, por\u00e9m todo esse esfor\u00e7o \u00e9 para que possam se casar. Zulema diz a Maria que est\u00e1 convencida que Omar tem uma amante. Gladis diz a Ernesto que vai brigar pela custodia das crian\u00e7as. Ivan acusa Ernesto de n\u00e3o dar aten\u00e7\u00e3o a ele e seus irm\u00e3os e diz que quer ir viver com Gladis.<\/p>\n<p>(*) edi\u00e7\u00e3o do SBT, Novela \u201cQuerida Inimiga\u201d, sujeito a altera\u00e7\u00e3o de data e conte\u00fado.<\/p>\n","protected":false},"excerpt":{"rendered":"<p>Novela \u201cQuerida Inimiga\u201d resumo 27\/01:\u00a0Ernesto leva Lorena para um passeio e diz que a ama. Ela confessa o mesmo e eles se beijam. Ernesto e Lorena passam a noite a conversar e Maria e Rose se preocupam com ela. Como a irm\u00e3 e o cunhado de Ernesto faleceram, este est\u00e1 respons\u00e1vel pelos sobrinhos. Ent\u00e3o, Ernesto [&hellip;]<\/p>\n","protected":false},"author":4,"featured_media":99744,"comment_status":"open","ping_status":"closed","sticky":false,"template":"","format":"standard","meta":{"tdm_status":"","tdm_grid_status":"","footnotes":""},"categories":[379,372,343],"tags":[441],"class_list":{"0":"post-105475","1":"post","2":"type-post","3":"status-publish","4":"format-standard","5":"has-post-thumbnail","7":"category-novelas","8":"category-sbt","9":"category-televisao","10":"tag-resumo-do-dia"},"_links":{"self":[{"href":"https:\/\/migracao.redenoticia.com.br\/noticia\/wp-json\/wp\/v2\/posts\/105475","targetHints":{"allow":["GET"]}}],"collection":[{"href":"https:\/\/migracao.redenoticia.com.br\/noticia\/wp-json\/wp\/v2\/posts"}],"about":[{"href":"https:\/\/migracao.redenoticia.com.br\/noticia\/wp-json\/wp\/v2\/types\/post"}],"author":[{"embeddable":true,"href":"https:\/\/migracao.redenoticia.com.br\/noticia\/wp-json\/wp\/v2\/users\/4"}],"replies":[{"embeddable":true,"href":"https:\/\/migracao.redenoticia.com.br\/noticia\/wp-json\/wp\/v2\/comments?post=105475"}],"version-history":[{"count":0,"href":"https:\/\/migracao.redenoticia.com.br\/noticia\/wp-json\/wp\/v2\/posts\/105475\/revisions"}],"wp:featuredmedia":[{"embeddable":true,"href":"https:\/\/migracao.redenoticia.com.br\/noticia\/wp-json\/wp\/v2\/media\/99744"}],"wp:attachment":[{"href":"https:\/\/migracao.redenoticia.com.br\/noticia\/wp-json\/wp\/v2\/media?parent=105475"}],"wp:term":[{"taxonomy":"category","embeddable":true,"href":"https:\/\/migracao.redenoticia.com.br\/noticia\/wp-json\/wp\/v2\/categories?post=105475"},{"taxonomy":"post_tag","embeddable":true,"href":"https:\/\/migracao.redenoticia.com.br\/noticia\/wp-json\/wp\/v2\/tags?post=105475"}],"curies":[{"name":"wp","href":"https:\/\/api.w.org\/{rel}","templated":true}]}}