{"id":105681,"date":"2017-01-30T01:22:43","date_gmt":"2017-01-30T03:22:43","guid":{"rendered":"http:\/\/www.redenoticia.com.br\/noticia\/?p=105681"},"modified":"2017-01-29T16:23:45","modified_gmt":"2017-01-29T18:23:45","slug":"desemprego-em-sao-paulo-fecha-2016-em-168","status":"publish","type":"post","link":"https:\/\/migracao.redenoticia.com.br\/noticia\/2017\/desemprego-em-sao-paulo-fecha-2016-em-168\/105681","title":{"rendered":"Desemprego em S\u00e3o Paulo fecha 2016 em 16,8%"},"content":{"rendered":"<p> A <strong><em>taxa de desemprego<\/em><\/strong> na regi\u00e3o metropolitana de S\u00e3o Paulo fechou o ano de 2016 em 16,8%, registrando alta em rela\u00e7\u00e3o \u00e0 taxa de 13,2% registrada em 2015. Os n\u00fameros foram divulgados pela Funda\u00e7\u00e3o Sistema Estadual de An\u00e1lise de Dados (Seade) e o Departamento Intersindical de Estat\u00edstica e Estudos Socioecon\u00f4micos (Dieese).<\/p>\n<p>Em 2016, o n\u00edvel de ocupa\u00e7\u00e3o diminuiu 4% em rela\u00e7\u00e3o ao ano anterior. A elimina\u00e7\u00e3o de 384 mil postos de trabalho, associada \u00e0 relativa estabilidade da popula\u00e7\u00e3o economicamente ativa, resultou no acr\u00e9scimo do contingente de desempregados em 402 mil pessoas.<\/p>\n<p>No ano passado, o total de desempregados foi estimado em 1.865 mil pessoas, o de ocupados em 9.237 mil e a popula\u00e7\u00e3o economicamente ativa em 11.102 mil. No mesmo per\u00edodo, diminuiu o rendimento m\u00e9dio real de ocupados (-4,9%) e assalariados (-3,1%), que passaram a equivaler a R$ 2.003 e R$ 2.066, respectivamente.<\/p>\n<p>No comparativo mensal, o desemprego caiu de 16,8% em novembro para 16,2% em dezembro. O contingente de desempregados foi estimado em 1.795 mil pessoas em dezembro, 74 mil a menos do que no m\u00eas anterior. Houve varia\u00e7\u00e3o positiva do n\u00edvel de ocupa\u00e7\u00e3o, com a gera\u00e7\u00e3o de 26 mil postos de trabalho, e negativa da popula\u00e7\u00e3o economicamente ativa, com as 48 mil pessoas que sa\u00edram do mercado de trabalho na regi\u00e3o.<\/p>\n<p>O \u00edndice de desemprego aberto, ou seja, pessoas que buscaram trabalho nos \u00faltimos 30 dias e n\u00e3o trabalharam nos \u00faltimos sete dias, variou de 14% em novembro para 13,5% em dezembro. O desemprego oculto, ou seja, de pessoas que fizeram trabalhos eventuais, n\u00e3o remunerados em neg\u00f3cios de parentes, tentaram mudar de emprego nos \u00faltimos 30 dias ou que n\u00e3o buscaram emprego em 30 dias, variou de 2,8% para 2,7%, no mesmo per\u00edodo.<\/p>\n<p>Fernanda Cruz &#8211; Rep\u00f3rter da Ag\u00eancia Brasil<br \/>\nEdi\u00e7\u00e3o: Gra\u00e7a Adjuto<br \/>\n30\/01\/2017<\/p>\n","protected":false},"excerpt":{"rendered":"<p>A taxa de desemprego na regi\u00e3o metropolitana de S\u00e3o Paulo fechou o ano de 2016 em 16,8%, registrando alta em rela\u00e7\u00e3o \u00e0 taxa de 13,2% registrada em 2015. Os n\u00fameros foram divulgados pela Funda\u00e7\u00e3o Sistema Estadual de An\u00e1lise de Dados (Seade) e o Departamento Intersindical de Estat\u00edstica e Estudos Socioecon\u00f4micos (Dieese). Em 2016, o n\u00edvel [&hellip;]<\/p>\n","protected":false},"author":2,"featured_media":57582,"comment_status":"open","ping_status":"closed","sticky":false,"template":"","format":"standard","meta":{"tdm_status":"","tdm_grid_status":"","footnotes":""},"categories":[22,7],"tags":[],"class_list":{"0":"post-105681","1":"post","2":"type-post","3":"status-publish","4":"format-standard","5":"has-post-thumbnail","7":"category-brasil","8":"category-economia"},"_links":{"self":[{"href":"https:\/\/migracao.redenoticia.com.br\/noticia\/wp-json\/wp\/v2\/posts\/105681","targetHints":{"allow":["GET"]}}],"collection":[{"href":"https:\/\/migracao.redenoticia.com.br\/noticia\/wp-json\/wp\/v2\/posts"}],"about":[{"href":"https:\/\/migracao.redenoticia.com.br\/noticia\/wp-json\/wp\/v2\/types\/post"}],"author":[{"embeddable":true,"href":"https:\/\/migracao.redenoticia.com.br\/noticia\/wp-json\/wp\/v2\/users\/2"}],"replies":[{"embeddable":true,"href":"https:\/\/migracao.redenoticia.com.br\/noticia\/wp-json\/wp\/v2\/comments?post=105681"}],"version-history":[{"count":0,"href":"https:\/\/migracao.redenoticia.com.br\/noticia\/wp-json\/wp\/v2\/posts\/105681\/revisions"}],"wp:featuredmedia":[{"embeddable":true,"href":"https:\/\/migracao.redenoticia.com.br\/noticia\/wp-json\/wp\/v2\/media\/57582"}],"wp:attachment":[{"href":"https:\/\/migracao.redenoticia.com.br\/noticia\/wp-json\/wp\/v2\/media?parent=105681"}],"wp:term":[{"taxonomy":"category","embeddable":true,"href":"https:\/\/migracao.redenoticia.com.br\/noticia\/wp-json\/wp\/v2\/categories?post=105681"},{"taxonomy":"post_tag","embeddable":true,"href":"https:\/\/migracao.redenoticia.com.br\/noticia\/wp-json\/wp\/v2\/tags?post=105681"}],"curies":[{"name":"wp","href":"https:\/\/api.w.org\/{rel}","templated":true}]}}