{"id":105683,"date":"2017-01-30T01:23:51","date_gmt":"2017-01-30T03:23:51","guid":{"rendered":"http:\/\/www.redenoticia.com.br\/noticia\/?p=105683"},"modified":"2017-01-29T16:24:50","modified_gmt":"2017-01-29T18:24:50","slug":"bandeira-tarifaria-verde-sera-mantida-nas-contas-de-energia-em-fevereiro","status":"publish","type":"post","link":"https:\/\/migracao.redenoticia.com.br\/noticia\/2017\/bandeira-tarifaria-verde-sera-mantida-nas-contas-de-energia-em-fevereiro\/105683","title":{"rendered":"Bandeira tarif\u00e1ria verde ser\u00e1 mantida nas contas de energia em fevereiro"},"content":{"rendered":"<p> Com a melhoria das condi\u00e7\u00f5es dos reservat\u00f3rios do pa\u00eds devido \u00e0s chuvas que vem ocorrendo desde o inicio de 2017, a Ag\u00eancia Nacional de Energia El\u00e9trica (Aneel) anunciou que em fevereiro ser\u00e1 mantida a <strong><em>bandeira tarif\u00e1ria verde<\/em><\/strong>, ou seja, sem cobran\u00e7a extra dos consumidores.<\/p>\n<p>Em nota, a Aneel informou que \u201ca condi\u00e7\u00e3o hidrol\u00f3gica favor\u00e1vel\u201d, que consta do Programa Mensal de Opera\u00e7\u00e3o (PMO) do Operador Nacional do Sistema (ONS), possibilitou o acionamento de t\u00e9rmicas com custo operacional reduzido, chamadas de Custo Vari\u00e1vel Unit\u00e1rio (CVU), abaixo de R$ 211,28 por megawatt-hora (R$\/MWh).<\/p>\n<p> A cor da bandeira em vigor no m\u00eas da cobran\u00e7a \u00e9 impressa na conta de luz e indica o custo da energia el\u00e9trica, em fun\u00e7\u00e3o das condi\u00e7\u00f5es de gera\u00e7\u00e3o de eletricidade. Por exemplo, quando chove menos, os reservat\u00f3rios das hidrel\u00e9tricas ficam mais vazios e \u00e9 preciso acionar mais termel\u00e9tricas para garantir o suprimento de energia.<\/p>\n<p>De janeiro de 2015, quando o sistema foi implementado, at\u00e9 fevereiro de 2016, a bandeira tarif\u00e1ria se manteve vermelha, primeiramente com cobran\u00e7a de R$ 4,50 a cada 100 quilowatts-hora (kWh) consumidos e, depois, com a bandeira vermelha patamar 1, que significa acr\u00e9scimo de R$ 3,00 a cada 100 kWh.<\/p>\n<p>Em mar\u00e7o de 2016, a bandeira passou para amarela, com custo extra de R$ 1,50 a cada 100 kWh. De abril a outubro ficou verde, sem cobran\u00e7a extra. Em novembro passado, a bandeira passou para a cor amarela novamente e, em dezembro, passou para verde.<\/p>\n<p>O sistema de bandeiras tarif\u00e1rias foi criado como forma de recompor os gastos extras com a utiliza\u00e7\u00e3o de energia de usinas termel\u00e9tricas, que \u00e9 mais cara do que a energia de hidrel\u00e9tricas.<\/p>\n<p>Ivan Richard Esposito &#8211; Rep\u00f3rter da Ag\u00eancia Brasil<br \/>\nEdi\u00e7\u00e3o: Amanda Cieglinski<br \/>\n30\/01\/2017<\/p>\n","protected":false},"excerpt":{"rendered":"<p>Com a melhoria das condi\u00e7\u00f5es dos reservat\u00f3rios do pa\u00eds devido \u00e0s chuvas que vem ocorrendo desde o inicio de 2017, a Ag\u00eancia Nacional de Energia El\u00e9trica (Aneel) anunciou que em fevereiro ser\u00e1 mantida a bandeira tarif\u00e1ria verde, ou seja, sem cobran\u00e7a extra dos consumidores. Em nota, a Aneel informou que \u201ca condi\u00e7\u00e3o hidrol\u00f3gica favor\u00e1vel\u201d, que [&hellip;]<\/p>\n","protected":false},"author":2,"featured_media":40734,"comment_status":"open","ping_status":"closed","sticky":false,"template":"","format":"standard","meta":{"tdm_status":"","tdm_grid_status":"","footnotes":""},"categories":[22,7],"tags":[],"class_list":{"0":"post-105683","1":"post","2":"type-post","3":"status-publish","4":"format-standard","5":"has-post-thumbnail","7":"category-brasil","8":"category-economia"},"_links":{"self":[{"href":"https:\/\/migracao.redenoticia.com.br\/noticia\/wp-json\/wp\/v2\/posts\/105683","targetHints":{"allow":["GET"]}}],"collection":[{"href":"https:\/\/migracao.redenoticia.com.br\/noticia\/wp-json\/wp\/v2\/posts"}],"about":[{"href":"https:\/\/migracao.redenoticia.com.br\/noticia\/wp-json\/wp\/v2\/types\/post"}],"author":[{"embeddable":true,"href":"https:\/\/migracao.redenoticia.com.br\/noticia\/wp-json\/wp\/v2\/users\/2"}],"replies":[{"embeddable":true,"href":"https:\/\/migracao.redenoticia.com.br\/noticia\/wp-json\/wp\/v2\/comments?post=105683"}],"version-history":[{"count":0,"href":"https:\/\/migracao.redenoticia.com.br\/noticia\/wp-json\/wp\/v2\/posts\/105683\/revisions"}],"wp:featuredmedia":[{"embeddable":true,"href":"https:\/\/migracao.redenoticia.com.br\/noticia\/wp-json\/wp\/v2\/media\/40734"}],"wp:attachment":[{"href":"https:\/\/migracao.redenoticia.com.br\/noticia\/wp-json\/wp\/v2\/media?parent=105683"}],"wp:term":[{"taxonomy":"category","embeddable":true,"href":"https:\/\/migracao.redenoticia.com.br\/noticia\/wp-json\/wp\/v2\/categories?post=105683"},{"taxonomy":"post_tag","embeddable":true,"href":"https:\/\/migracao.redenoticia.com.br\/noticia\/wp-json\/wp\/v2\/tags?post=105683"}],"curies":[{"name":"wp","href":"https:\/\/api.w.org\/{rel}","templated":true}]}}