{"id":105687,"date":"2017-01-30T01:27:01","date_gmt":"2017-01-30T03:27:01","guid":{"rendered":"http:\/\/www.redenoticia.com.br\/noticia\/?p=105687"},"modified":"2017-01-29T16:28:44","modified_gmt":"2017-01-29T18:28:44","slug":"queda-da-arrecadacao-esta-em-ritmo-menor-destaca-receita","status":"publish","type":"post","link":"https:\/\/migracao.redenoticia.com.br\/noticia\/2017\/queda-da-arrecadacao-esta-em-ritmo-menor-destaca-receita\/105687","title":{"rendered":"Queda da arrecada\u00e7\u00e3o est\u00e1 em ritmo menor, destaca Receita"},"content":{"rendered":"<p> O chefe do Centro de Estudos Tribut\u00e1rios e Aduaneiros da Receita Federal, Claudemir Malaquias, disse que a an\u00e1lise da <strong><em>arrecada\u00e7\u00e3o federal<\/em><\/strong> ao longo de 2016 mostra uma trajet\u00f3ria de redu\u00e7\u00e3o da queda. &#8220;A trajet\u00f3ria que encerramos 2016 foi positiva. Ainda que em um patamar negativo, houve um movimento de redu\u00e7\u00e3o dessa queda [das receitas arrecadadas]&#8221;, disse.<\/p>\n<p>Em janeiro do ano passado as receitas federais arrecadadas registravam queda de 6,71% na compara\u00e7\u00e3o com o mesmo per\u00edodo de 2015. Em fevereiro, a queda acumulada no per\u00edodo chegou a 8,71% e em mar\u00e7o, a 8,19%. A desacelera\u00e7\u00e3o desse recuo teve in\u00edcio em outubro, quando o governo come\u00e7ou a computar os resultados do programa de regulariza\u00e7\u00e3o de ativos, conhecido como repatria\u00e7\u00e3o.<\/p>\n<p>Naquele m\u00eas, a queda acumulada ficou em 3,46%. Em novembro, que ainda teve um rescaldo dos efeitos da repatria\u00e7\u00e3o, a queda ficou em 3,16%. Por fim, a arrecada\u00e7\u00e3o encerrou 2016 com queda de 2,97% acumulada em rela\u00e7\u00e3o a 2015 e de 1,19% no m\u00eas de dezembro.<\/p>\n<p>Os patamares refletem a queda real, descontada a infla\u00e7\u00e3o do per\u00edodo medida pelo \u00cdndice de Pre\u00e7os ao Consumidor Amplo (IPCA). Para Malaquias, ainda \u00e9 cedo para falar em recupera\u00e7\u00e3o da arrecada\u00e7\u00e3o. &#8220;Talvez daqui a um m\u00eas possamos dar uma not\u00edcia em rela\u00e7\u00e3o a janeiro, mas \u00e9 muito cedo para qualquer previs\u00e3o&#8221;, declarou.<\/p>\n<p>Desonera\u00e7\u00f5es<\/p>\n<p>Segundo Malaquias, este ano a arrecada\u00e7\u00e3o federal ser\u00e1 impactada pela redu\u00e7\u00e3o das desonera\u00e7\u00f5es. &#8220;As desonera\u00e7\u00f5es terminaram em 2016 e algumas v\u00e3o se encerrar ao longo de 2017. Parte das desonera\u00e7\u00f5es teve rela\u00e7\u00e3o com a Copa do Mundo e as Olimp\u00edadas. A Olimp\u00edada produz efeitos na economia n\u00e3o s\u00f3 no ano em que \u00e9 realizada&#8221;, disse.<\/p>\n<p>De acordo com ele, n\u00e3o h\u00e1 estimativa de quanto a arrecada\u00e7\u00e3o pode crescer em fun\u00e7\u00e3o dessa redu\u00e7\u00e3o. &#8220;Todo benef\u00edcio tribut\u00e1rio \u00e9 concedido em um ambiente em que agentes econ\u00f4micos tomam algumas decis\u00f5es. Terminado esse per\u00edodo, o agente vai organizar seu neg\u00f3cio de forma que n\u00e3o necessariamente tenha que pagar esses tributos&#8221;, afirmou Malaquias.<\/p>\n<p>Mariana Branco &#8211; Rep\u00f3rter da Ag\u00eancia Brasil<br \/>\nEdi\u00e7\u00e3o: L\u00edlian Beraldo<br \/>\n30\/01\/2017<\/p>\n","protected":false},"excerpt":{"rendered":"<p>O chefe do Centro de Estudos Tribut\u00e1rios e Aduaneiros da Receita Federal, Claudemir Malaquias, disse que a an\u00e1lise da arrecada\u00e7\u00e3o federal ao longo de 2016 mostra uma trajet\u00f3ria de redu\u00e7\u00e3o da queda. &#8220;A trajet\u00f3ria que encerramos 2016 foi positiva. Ainda que em um patamar negativo, houve um movimento de redu\u00e7\u00e3o dessa queda [das receitas arrecadadas]&#8221;, [&hellip;]<\/p>\n","protected":false},"author":2,"featured_media":57585,"comment_status":"open","ping_status":"closed","sticky":false,"template":"","format":"standard","meta":{"tdm_status":"","tdm_grid_status":"","footnotes":""},"categories":[22,7],"tags":[],"class_list":{"0":"post-105687","1":"post","2":"type-post","3":"status-publish","4":"format-standard","5":"has-post-thumbnail","7":"category-brasil","8":"category-economia"},"_links":{"self":[{"href":"https:\/\/migracao.redenoticia.com.br\/noticia\/wp-json\/wp\/v2\/posts\/105687","targetHints":{"allow":["GET"]}}],"collection":[{"href":"https:\/\/migracao.redenoticia.com.br\/noticia\/wp-json\/wp\/v2\/posts"}],"about":[{"href":"https:\/\/migracao.redenoticia.com.br\/noticia\/wp-json\/wp\/v2\/types\/post"}],"author":[{"embeddable":true,"href":"https:\/\/migracao.redenoticia.com.br\/noticia\/wp-json\/wp\/v2\/users\/2"}],"replies":[{"embeddable":true,"href":"https:\/\/migracao.redenoticia.com.br\/noticia\/wp-json\/wp\/v2\/comments?post=105687"}],"version-history":[{"count":0,"href":"https:\/\/migracao.redenoticia.com.br\/noticia\/wp-json\/wp\/v2\/posts\/105687\/revisions"}],"wp:featuredmedia":[{"embeddable":true,"href":"https:\/\/migracao.redenoticia.com.br\/noticia\/wp-json\/wp\/v2\/media\/57585"}],"wp:attachment":[{"href":"https:\/\/migracao.redenoticia.com.br\/noticia\/wp-json\/wp\/v2\/media?parent=105687"}],"wp:term":[{"taxonomy":"category","embeddable":true,"href":"https:\/\/migracao.redenoticia.com.br\/noticia\/wp-json\/wp\/v2\/categories?post=105687"},{"taxonomy":"post_tag","embeddable":true,"href":"https:\/\/migracao.redenoticia.com.br\/noticia\/wp-json\/wp\/v2\/tags?post=105687"}],"curies":[{"name":"wp","href":"https:\/\/api.w.org\/{rel}","templated":true}]}}