{"id":105701,"date":"2017-01-31T23:20:52","date_gmt":"2017-02-01T01:20:52","guid":{"rendered":"http:\/\/www.redenoticia.com.br\/noticia\/?p=105701"},"modified":"2018-08-13T10:39:43","modified_gmt":"2018-08-13T13:39:43","slug":"bbb-17-votacao-em-gabriela-e-marcos-movimenta-a-enquete","status":"publish","type":"post","link":"https:\/\/migracao.redenoticia.com.br\/noticia\/2017\/bbb-17-votacao-em-gabriela-e-marcos-movimenta-a-enquete\/105701","title":{"rendered":"\u201cBBB\u201d 17: vota\u00e7\u00e3o em Gabriela e Marcos movimentou a enquete"},"content":{"rendered":"<p><a href=\"https:\/\/migracao.redenoticia.com.br\/noticia\/imagens\/bbb_enquete_votacao.jpg\"><img loading=\"lazy\" decoding=\"async\" class=\"alignleft size-medium wp-image-64479\" src=\"https:\/\/migracao.redenoticia.com.br\/noticia\/imagens\/bbb_enquete_votacao-187x187.jpg\" alt=\"bbb_enquete_votacao\" width=\"187\" height=\"187\" srcset=\"https:\/\/migracao.redenoticia.com.br\/noticia\/imagens\/bbb_enquete_votacao-187x187.jpg 187w, https:\/\/migracao.redenoticia.com.br\/noticia\/imagens\/bbb_enquete_votacao.jpg 300w, https:\/\/migracao.redenoticia.com.br\/noticia\/imagens\/bbb_enquete_votacao-150x150.jpg 150w, https:\/\/migracao.redenoticia.com.br\/noticia\/imagens\/bbb_enquete_votacao-110x110.jpg 110w, https:\/\/migracao.redenoticia.com.br\/noticia\/imagens\/bbb_enquete_votacao-50x50.jpg 50w\" sizes=\"auto, (max-width: 187px) 100vw, 187px\" \/><\/a><em><strong>\u201cBBB&#8221; 17 vota\u00e7\u00e3o enquete:<\/strong><\/em> em 31\/01, Gabriela recebeu 59% dos votos v\u00e1lidos e foi eliminada do programa. O Pared\u00e3o come\u00e7ou em 29\/01, quando Tiago Leifert informou que os g\u00eameos Manoel e Emilly permanecem na casa com imunidade de uma semana. Ele lembrou que Roberta conquistou imunidade na prova do queijo. Daniel e Marinalva usaram o poder do Anjo e imunizaram Luiz Felipe. Como L\u00edder, Mayara e Vivian indicaram Marcos para o pared\u00e3o. Vota\u00e7\u00e3o da casa: Roberta e Pedro votaram no Ilmar. Ieda, Daniel, Luiz Felipe, R\u00f4mulo, Emilly, Ilmar e Elis indicaram Gabriela. Marinalva e Gabriela votaram na Ieda. Marcos votou na Vivian. Manoel votou no R\u00f4mulo. Logo depois, Leifert deu largada na vota\u00e7\u00e3o do pared\u00e3o. A vota\u00e7\u00e3o aconteceu at\u00e9 o programa ao vivo da ter\u00e7a-feira, 31\/01. <\/p>\n<p>Resultado da enquete em 31\/01, 22h58:<br \/>\nGabriela 50,38% (49.696 votos) e Marcos 49,62% (48.951 votos) &#8211; Total: 98.647 votos.<\/p>\n<p><script type=\"text\/javascript\" charset=\"utf-8\" src=\"http:\/\/static.polldaddy.com\/p\/9650998.js\"><\/script><br \/>\n<noscript><a href=\"http:\/\/polldaddy.com\/poll\/9650998\/\">Quem deve sair do \u201cBBB\u201d 17?<\/a><\/noscript><\/p>\n<p>Resultado parcial, 30\/01, 23h28:<br \/>\nGabriela 54,11% (17.180 votos) e Marcos 45,89% (14.572 votos) &#8211; Total: 31,752 votos.<br \/>\nResultado parcial, 31\/01, 11h14:<br \/>\nGabriela 54,62% (23.497 votos) e Marcos 45,38% (19.521 votos) &#8211; Total: 43.018 votos.<br \/>\nResultado parcial, 31\/01, 18h13:<br \/>\nGabriela 50,01% (31.968 votos) e Marcos 49,99% (31.955 votos) &#8211; Total: 63.923 votos.<\/p>\n<p>A vota\u00e7\u00e3o oficial aconteceu no endere\u00e7o da Rede Globo<a href=\"http:\/\/gshow.globo.com\/realities\/bbb\/\"> \u201cBBB&#8221; 17.<\/a><\/p>\n<p>Fonte \u201cBBB&#8221; 17 \u2013 Vota\u00e7\u00e3o Enquete<\/p>\n<p>Not\u00edcias relacionadas:<br \/>\n<a href=\"https:\/\/migracao.redenoticia.com.br\/noticia\/2017\/diario-bbb17\/105212\">Di\u00e1rio \u201cBBB\u201d17<\/a><br \/>\n<a href=\"https:\/\/migracao.redenoticia.com.br\/noticia\/2017\/bbb-17-prova-do-anjo-e-castigo-do-monstro\/104953\">\u201cBBB\u201d17: \u201cBBB\u201d17: prova do anjo e castigo do monstro<\/a><br \/>\n<a href=\"https:\/\/migracao.redenoticia.com.br\/noticia\/2017\/bbb-17-prova-da-comida\/104955\">\u201cBBB\u201d17: prova da comida<\/a><br \/>\n&#8212;<br \/>\nConcorrentes que entraram na casa em 23 e 24\/01: os g\u00eameos Antonio e Manoel e Emilly e Mayla. Vivian Amorim, R\u00f4mulo Neves, Roberta Diniz, Pedro Falc\u00e3o, Mayara Rodrigues, Marinalva Almeida, Marcos Harter, Luiz Felipe, Ilmar Fonseca, Ieda, Gabriela Flor, Elis Nair e Daniel Fontes.<\/p>\n","protected":false},"excerpt":{"rendered":"<p>\u201cBBB&#8221; 17 vota\u00e7\u00e3o enquete: em 31\/01, Gabriela recebeu 59% dos votos v\u00e1lidos e foi eliminada do programa. O Pared\u00e3o come\u00e7ou em 29\/01, quando Tiago Leifert informou que os g\u00eameos Manoel e Emilly permanecem na casa com imunidade de uma semana. Ele lembrou que Roberta conquistou imunidade na prova do queijo. Daniel e Marinalva usaram o [&hellip;]<\/p>\n","protected":false},"author":2,"featured_media":64479,"comment_status":"open","ping_status":"closed","sticky":false,"template":"","format":"standard","meta":{"tdm_status":"","tdm_grid_status":"","footnotes":""},"categories":[520,375,343],"tags":[],"class_list":{"0":"post-105701","1":"post","2":"type-post","3":"status-publish","4":"format-standard","5":"has-post-thumbnail","7":"category-big-brother-brasil","8":"category-rede-globo","9":"category-televisao"},"_links":{"self":[{"href":"https:\/\/migracao.redenoticia.com.br\/noticia\/wp-json\/wp\/v2\/posts\/105701","targetHints":{"allow":["GET"]}}],"collection":[{"href":"https:\/\/migracao.redenoticia.com.br\/noticia\/wp-json\/wp\/v2\/posts"}],"about":[{"href":"https:\/\/migracao.redenoticia.com.br\/noticia\/wp-json\/wp\/v2\/types\/post"}],"author":[{"embeddable":true,"href":"https:\/\/migracao.redenoticia.com.br\/noticia\/wp-json\/wp\/v2\/users\/2"}],"replies":[{"embeddable":true,"href":"https:\/\/migracao.redenoticia.com.br\/noticia\/wp-json\/wp\/v2\/comments?post=105701"}],"version-history":[{"count":0,"href":"https:\/\/migracao.redenoticia.com.br\/noticia\/wp-json\/wp\/v2\/posts\/105701\/revisions"}],"wp:featuredmedia":[{"embeddable":true,"href":"https:\/\/migracao.redenoticia.com.br\/noticia\/wp-json\/wp\/v2\/media\/64479"}],"wp:attachment":[{"href":"https:\/\/migracao.redenoticia.com.br\/noticia\/wp-json\/wp\/v2\/media?parent=105701"}],"wp:term":[{"taxonomy":"category","embeddable":true,"href":"https:\/\/migracao.redenoticia.com.br\/noticia\/wp-json\/wp\/v2\/categories?post=105701"},{"taxonomy":"post_tag","embeddable":true,"href":"https:\/\/migracao.redenoticia.com.br\/noticia\/wp-json\/wp\/v2\/tags?post=105701"}],"curies":[{"name":"wp","href":"https:\/\/api.w.org\/{rel}","templated":true}]}}