{"id":105782,"date":"2017-01-31T00:10:22","date_gmt":"2017-01-31T02:10:22","guid":{"rendered":"http:\/\/www.redenoticia.com.br\/noticia\/?p=105782"},"modified":"2017-01-31T00:10:22","modified_gmt":"2017-01-31T02:10:22","slug":"mestrado-em-fisico-quimica-com-bolsa-da-fapesp","status":"publish","type":"post","link":"https:\/\/migracao.redenoticia.com.br\/noticia\/2017\/mestrado-em-fisico-quimica-com-bolsa-da-fapesp\/105782","title":{"rendered":"Mestrado em F\u00edsico-Qu\u00edmica com Bolsa da FAPESP"},"content":{"rendered":"<p> Ag\u00eancia FAPESP \u2013 O Instituto de Qu\u00edmica da Universidade Estadual de Campinas (Unicamp) oferece oportunidade a candidatos interessados em cursar o <em><strong>Mestrado com bolsa da FAPESP<\/strong><\/em>. O prazo de inscri\u00e7\u00e3o encerra em 1\u00ba de mar\u00e7o. Os bolsistas participar\u00e3o do projeto Jovem Pesquisador da FAPESP &#8220;&#8221;, sob orienta\u00e7\u00e3o de Raphael Nagao.<\/p>\n<p>A ideia central do projeto consiste em compreender o fen\u00f4meno de auto-organiza\u00e7\u00e3o espa\u00e7o-temporal em sistemas qu\u00edmicos afastados do equil\u00edbrio termodin\u00e2mico. O conhecimento adquirido ser\u00e1 utilizado no controle e desenho racional de materiais micro e nanoestruturados que mimetizam artificialmente o processo de fotoss\u00edntese e fototropismo.<\/p>\n<p>A linha de pesquisa \u00e9 interdisciplinar, portanto, pessoas que atuam nas \u00e1reas de Qu\u00edmica, F\u00edsica, Engenharia e \u00e1reas correlatas s\u00e3o bem-vindas.<\/p>\n<p>Os candidatos devem apresentar iniciativa, independ\u00eancia e automotiva\u00e7\u00e3o na pesquisa; excelente hist\u00f3rico acad\u00eamico acompanhado do Curr\u00edculo Lattes; conhecimento avan\u00e7ado em ingl\u00eas e disponibilidade de realizar est\u00e1gio cient\u00edfico no exterior; e interesse no desenvolvimento de experimentos espectro-eletroqu\u00edmicos e\/ou simula\u00e7\u00f5es num\u00e9ricas.<\/p>\n<p>Os interessados devem entrar em contato com Raphael Nagao no e-mail nagao@iqm.unicamp.br.<\/p>\n<p>Para mais informa\u00e7\u00f5es sobre o projeto acesse .<\/p>\n<p>A oportunidade est\u00e1 publicada em .<\/p>\n<p>Para mais informa\u00e7\u00f5es sobre bolsas de mestrado acesse .<\/p>\n<p>Informa\u00e7\u00e3o sobre valores de bolsas est\u00e3o dispon\u00edveis em .<\/p>\n","protected":false},"excerpt":{"rendered":"<p>Ag\u00eancia FAPESP \u2013 O Instituto de Qu\u00edmica da Universidade Estadual de Campinas (Unicamp) oferece oportunidade a candidatos interessados em cursar o Mestrado com bolsa da FAPESP. O prazo de inscri\u00e7\u00e3o encerra em 1\u00ba de mar\u00e7o. Os bolsistas participar\u00e3o do projeto Jovem Pesquisador da FAPESP &#8220;&#8221;, sob orienta\u00e7\u00e3o de Raphael Nagao. A ideia central do projeto [&hellip;]<\/p>\n","protected":false},"author":2,"featured_media":36246,"comment_status":"open","ping_status":"closed","sticky":false,"template":"","format":"standard","meta":{"tdm_status":"","tdm_grid_status":"","footnotes":""},"categories":[22,370,353],"tags":[],"class_list":{"0":"post-105782","1":"post","2":"type-post","3":"status-publish","4":"format-standard","5":"has-post-thumbnail","7":"category-brasil","8":"category-inscricao","9":"category-oportunidades"},"_links":{"self":[{"href":"https:\/\/migracao.redenoticia.com.br\/noticia\/wp-json\/wp\/v2\/posts\/105782","targetHints":{"allow":["GET"]}}],"collection":[{"href":"https:\/\/migracao.redenoticia.com.br\/noticia\/wp-json\/wp\/v2\/posts"}],"about":[{"href":"https:\/\/migracao.redenoticia.com.br\/noticia\/wp-json\/wp\/v2\/types\/post"}],"author":[{"embeddable":true,"href":"https:\/\/migracao.redenoticia.com.br\/noticia\/wp-json\/wp\/v2\/users\/2"}],"replies":[{"embeddable":true,"href":"https:\/\/migracao.redenoticia.com.br\/noticia\/wp-json\/wp\/v2\/comments?post=105782"}],"version-history":[{"count":0,"href":"https:\/\/migracao.redenoticia.com.br\/noticia\/wp-json\/wp\/v2\/posts\/105782\/revisions"}],"wp:featuredmedia":[{"embeddable":true,"href":"https:\/\/migracao.redenoticia.com.br\/noticia\/wp-json\/wp\/v2\/media\/36246"}],"wp:attachment":[{"href":"https:\/\/migracao.redenoticia.com.br\/noticia\/wp-json\/wp\/v2\/media?parent=105782"}],"wp:term":[{"taxonomy":"category","embeddable":true,"href":"https:\/\/migracao.redenoticia.com.br\/noticia\/wp-json\/wp\/v2\/categories?post=105782"},{"taxonomy":"post_tag","embeddable":true,"href":"https:\/\/migracao.redenoticia.com.br\/noticia\/wp-json\/wp\/v2\/tags?post=105782"}],"curies":[{"name":"wp","href":"https:\/\/api.w.org\/{rel}","templated":true}]}}