{"id":105785,"date":"2017-01-31T00:14:56","date_gmt":"2017-01-31T02:14:56","guid":{"rendered":"http:\/\/www.redenoticia.com.br\/noticia\/?p=105785"},"modified":"2017-01-31T00:14:56","modified_gmt":"2017-01-31T02:14:56","slug":"fabricas-de-cultura-sp-abrem-inscricoes-para-atividades-gratuitas-em-2017","status":"publish","type":"post","link":"https:\/\/migracao.redenoticia.com.br\/noticia\/2017\/fabricas-de-cultura-sp-abrem-inscricoes-para-atividades-gratuitas-em-2017\/105785","title":{"rendered":"F\u00e1bricas de Cultura SP abrem inscri\u00e7\u00f5es para atividades gratuitas em 2017"},"content":{"rendered":"<p> Com in\u00edcio previsto para fevereiro, as <em><strong>F\u00e1bricas de Cultura<\/strong><\/em>, programa do Governo do Estado de S\u00e3o Paulo, est\u00e3o com matr\u00edculas abertas para atividades gratuitas em 2017. Os cursos oferecidos s\u00e3o em \u00e1reas como dan\u00e7a, teatro e multimeios.\u00a0Todo o material necess\u00e1rio para as aulas \u00e9 fornecido pelas F\u00e1bricas.<\/p>\n<p>Oportunidades<br \/>\nNas unidades das zonas norte e sul (Brasil\u00e2ndia, Ja\u00e7an\u00e3, Vila Nova Cachoeirinha, Cap\u00e3o Redondo e Jardim S\u00e3o Lu\u00eds), as inscri\u00e7\u00f5es est\u00e3o abertas para cursos de m\u00fasica, dan\u00e7a, teatro, circo, leitura e escrita criativa, artes visuais e multimeios.<\/p>\n<p>J\u00e1 nas unidades da zona leste (Parque Bel\u00e9m, Sapopemba, Cidade Tiradentes, Itaim Paulista e Vila Curu\u00e7\u00e1), as vagas s\u00e3o para cursos de artes visuais, dan\u00e7a, multimeios, m\u00fasica, teatro, circo e xadrez. As atividades s\u00e3o destinadas a crian\u00e7as, jovens e adultos.<\/p>\n<p>Como realizar a matr\u00edcula?<br \/>\nBasta comparecer \u00e0 unidade desejada e apresentar documento de identifica\u00e7\u00e3o com foto e comprovante de resid\u00eancia. Nas unidades das zonas norte e sul, menores de 18 anos de idade devem estar acompanhados de um respons\u00e1vel; nas da zona leste, a regra se aplica a menores de 14 anos.<\/p>\n<p>Mais informa\u00e7\u00f5es no site das  e nas p\u00e1ginas do Facebook  e .<\/p>\n<p>Do Portal do Governo SP<\/p>\n","protected":false},"excerpt":{"rendered":"<p>Com in\u00edcio previsto para fevereiro, as F\u00e1bricas de Cultura, programa do Governo do Estado de S\u00e3o Paulo, est\u00e3o com matr\u00edculas abertas para atividades gratuitas em 2017. Os cursos oferecidos s\u00e3o em \u00e1reas como dan\u00e7a, teatro e multimeios.\u00a0Todo o material necess\u00e1rio para as aulas \u00e9 fornecido pelas F\u00e1bricas. Oportunidades Nas unidades das zonas norte e sul [&hellip;]<\/p>\n","protected":false},"author":2,"featured_media":27918,"comment_status":"open","ping_status":"closed","sticky":false,"template":"","format":"standard","meta":{"tdm_status":"","tdm_grid_status":"","footnotes":""},"categories":[22,351,370],"tags":[],"class_list":{"0":"post-105785","1":"post","2":"type-post","3":"status-publish","4":"format-standard","5":"has-post-thumbnail","7":"category-brasil","8":"category-cursos","9":"category-inscricao"},"_links":{"self":[{"href":"https:\/\/migracao.redenoticia.com.br\/noticia\/wp-json\/wp\/v2\/posts\/105785","targetHints":{"allow":["GET"]}}],"collection":[{"href":"https:\/\/migracao.redenoticia.com.br\/noticia\/wp-json\/wp\/v2\/posts"}],"about":[{"href":"https:\/\/migracao.redenoticia.com.br\/noticia\/wp-json\/wp\/v2\/types\/post"}],"author":[{"embeddable":true,"href":"https:\/\/migracao.redenoticia.com.br\/noticia\/wp-json\/wp\/v2\/users\/2"}],"replies":[{"embeddable":true,"href":"https:\/\/migracao.redenoticia.com.br\/noticia\/wp-json\/wp\/v2\/comments?post=105785"}],"version-history":[{"count":0,"href":"https:\/\/migracao.redenoticia.com.br\/noticia\/wp-json\/wp\/v2\/posts\/105785\/revisions"}],"wp:featuredmedia":[{"embeddable":true,"href":"https:\/\/migracao.redenoticia.com.br\/noticia\/wp-json\/wp\/v2\/media\/27918"}],"wp:attachment":[{"href":"https:\/\/migracao.redenoticia.com.br\/noticia\/wp-json\/wp\/v2\/media?parent=105785"}],"wp:term":[{"taxonomy":"category","embeddable":true,"href":"https:\/\/migracao.redenoticia.com.br\/noticia\/wp-json\/wp\/v2\/categories?post=105785"},{"taxonomy":"post_tag","embeddable":true,"href":"https:\/\/migracao.redenoticia.com.br\/noticia\/wp-json\/wp\/v2\/tags?post=105785"}],"curies":[{"name":"wp","href":"https:\/\/api.w.org\/{rel}","templated":true}]}}