{"id":105791,"date":"2017-01-31T00:17:51","date_gmt":"2017-01-31T02:17:51","guid":{"rendered":"http:\/\/www.redenoticia.com.br\/noticia\/?p=105791"},"modified":"2017-01-31T00:17:51","modified_gmt":"2017-01-31T02:17:51","slug":"mercado-preve-que-selic-chegara-a-9-ao-ano-em-2018","status":"publish","type":"post","link":"https:\/\/migracao.redenoticia.com.br\/noticia\/2017\/mercado-preve-que-selic-chegara-a-9-ao-ano-em-2018\/105791","title":{"rendered":"Mercado prev\u00ea que Selic chegar\u00e1 a 9% ao ano em 2018"},"content":{"rendered":"<p> O mercado financeiro projeta que a <strong><em>Selic<\/em><\/strong>, a taxa b\u00e1sica de juros da economia, chegar\u00e1 a 9% ao ano em 2018. Para 2017, est\u00e1 mantida a proje\u00e7\u00e3o da Selic em 9,5% ao ano. O mercado tamb\u00e9m prev\u00ea que a infla\u00e7\u00e3o medida pelo \u00cdndice de Pre\u00e7os ao Consumidor Amplo (IPCA) ficar\u00e1 em 4,7% este ano, perto do centro da meta: 4,5% com dois pontos percentuais para cima ou para baixo.<\/p>\n<p>As estimativas est\u00e3o no boletim Focus, pesquisa semanal do Banco Central (BC) feita com institui\u00e7\u00f5es financeiras. No in\u00edcio do m\u00eas, as institui\u00e7\u00f5es consultadas para o levantamento ainda previam a taxa b\u00e1sica de juros na casa dos dois d\u00edgitos em 2017, em 10,25% ao ano.<\/p>\n<p>O mercado vem se mostrando mais otimista a respeito da Selic depois de o Comit\u00ea de Pol\u00edtica Monet\u00e1ria (Copom) do BC reduzir a taxa b\u00e1sica mais que o esperado, em sua primeira reuni\u00e3o de 2017. Em lugar da queda de 0,5 ponto percentual projetada, o Copom cortou 0,75 ponto percentual. O presidente do BC, Ilan Goldfajn, afirmou que este deve ser o \u201cnovo ritmo\u201d de redu\u00e7\u00e3o dos juros.<\/p>\n<p>A decis\u00e3o de intensificar a redu\u00e7\u00e3o da taxa b\u00e1sica de juros ocorreu ap\u00f3s o Instituto Brasileiro de Geografia e Estat\u00edstica (IBGE) divulgar que a infla\u00e7\u00e3o medida pelo IPCA encerrou 2016 em 6,29%.<\/p>\n<p>A Selic \u00e9 um dos instrumentos usados para influenciar a atividade econ\u00f4mica e, consequentemente, a infla\u00e7\u00e3o. Quando o Copom aumenta a Selic, a meta \u00e9 conter a demanda aquecida, e isso gera reflexos nos pre\u00e7os, porque os juros mais altos encarecem o cr\u00e9dito e estimulam a poupan\u00e7a. Quando o Copom diminui os juros b\u00e1sicos, a tend\u00eancia \u00e9 que o cr\u00e9dito fique mais barato, com incentivo \u00e0 produ\u00e7\u00e3o e ao consumo, reduzindo o controle sobre a infla\u00e7\u00e3o.<\/p>\n<p>A proje\u00e7\u00e3o de institui\u00e7\u00f5es financeiras para o crescimento da economia (Produto Interno Bruto \u2013 PIB, a soma de todas as riquezas produzidas pelo pa\u00eds) em 2017 permanece em 0,50%.<\/p>\n<p>Mariana Branco \u2013 Rep\u00f3rter da Ag\u00eancia Brasil<br \/>\nEdi\u00e7\u00e3o: Gra\u00e7a Adjuto<br \/>\n31\/01\/2017<\/p>\n","protected":false},"excerpt":{"rendered":"<p>O mercado financeiro projeta que a Selic, a taxa b\u00e1sica de juros da economia, chegar\u00e1 a 9% ao ano em 2018. Para 2017, est\u00e1 mantida a proje\u00e7\u00e3o da Selic em 9,5% ao ano. O mercado tamb\u00e9m prev\u00ea que a infla\u00e7\u00e3o medida pelo \u00cdndice de Pre\u00e7os ao Consumidor Amplo (IPCA) ficar\u00e1 em 4,7% este ano, perto [&hellip;]<\/p>\n","protected":false},"author":2,"featured_media":57585,"comment_status":"open","ping_status":"closed","sticky":false,"template":"","format":"standard","meta":{"tdm_status":"","tdm_grid_status":"","footnotes":""},"categories":[22,7],"tags":[],"class_list":{"0":"post-105791","1":"post","2":"type-post","3":"status-publish","4":"format-standard","5":"has-post-thumbnail","7":"category-brasil","8":"category-economia"},"_links":{"self":[{"href":"https:\/\/migracao.redenoticia.com.br\/noticia\/wp-json\/wp\/v2\/posts\/105791","targetHints":{"allow":["GET"]}}],"collection":[{"href":"https:\/\/migracao.redenoticia.com.br\/noticia\/wp-json\/wp\/v2\/posts"}],"about":[{"href":"https:\/\/migracao.redenoticia.com.br\/noticia\/wp-json\/wp\/v2\/types\/post"}],"author":[{"embeddable":true,"href":"https:\/\/migracao.redenoticia.com.br\/noticia\/wp-json\/wp\/v2\/users\/2"}],"replies":[{"embeddable":true,"href":"https:\/\/migracao.redenoticia.com.br\/noticia\/wp-json\/wp\/v2\/comments?post=105791"}],"version-history":[{"count":0,"href":"https:\/\/migracao.redenoticia.com.br\/noticia\/wp-json\/wp\/v2\/posts\/105791\/revisions"}],"wp:featuredmedia":[{"embeddable":true,"href":"https:\/\/migracao.redenoticia.com.br\/noticia\/wp-json\/wp\/v2\/media\/57585"}],"wp:attachment":[{"href":"https:\/\/migracao.redenoticia.com.br\/noticia\/wp-json\/wp\/v2\/media?parent=105791"}],"wp:term":[{"taxonomy":"category","embeddable":true,"href":"https:\/\/migracao.redenoticia.com.br\/noticia\/wp-json\/wp\/v2\/categories?post=105791"},{"taxonomy":"post_tag","embeddable":true,"href":"https:\/\/migracao.redenoticia.com.br\/noticia\/wp-json\/wp\/v2\/tags?post=105791"}],"curies":[{"name":"wp","href":"https:\/\/api.w.org\/{rel}","templated":true}]}}