{"id":105793,"date":"2017-01-31T00:19:13","date_gmt":"2017-01-31T02:19:13","guid":{"rendered":"http:\/\/www.redenoticia.com.br\/noticia\/?p=105793"},"modified":"2017-01-31T00:19:13","modified_gmt":"2017-01-31T02:19:13","slug":"uso-da-capacidade-instalada-da-industria-cai-ao-menor-nivel-desde-2003","status":"publish","type":"post","link":"https:\/\/migracao.redenoticia.com.br\/noticia\/2017\/uso-da-capacidade-instalada-da-industria-cai-ao-menor-nivel-desde-2003\/105793","title":{"rendered":"Uso da capacidade instalada da ind\u00fastria cai ao menor n\u00edvel desde 2003"},"content":{"rendered":"<p> O n\u00edvel de <strong><em>utiliza\u00e7\u00e3o da capacidade instalada da ind\u00fastria<\/em><\/strong> brasileira encerrou 2016 em 76%, o mais baixo j\u00e1 registrado desde 2003. A informa\u00e7\u00e3o \u00e9 da Confedera\u00e7\u00e3o Nacional da Ind\u00fastria (CNI), que divulgou os indicadores industriais relativos a dezembro do ano passado.<\/p>\n<p>\u201c\u00c9 indicativo de uma grande folga que existe na ind\u00fastria. H\u00e1 uma grande ociosidade no setor e isso \u00e9 um limitador da retomada do investimento\u201d, afirmou o gerente-executivo de Pol\u00edticas Econ\u00f4micas da CNI, Fl\u00e1vio Castelo Branco.<\/p>\n<p>O levantamento tamb\u00e9m indicou redu\u00e7\u00e3o do poder de compra dos trabalhadores no fim do ano passado. A massa real de sal\u00e1rios recuou 1,6% enquanto o rendimento m\u00e9dio real do trabalhador caiu 1,2% em dezembro na compara\u00e7\u00e3o com novembro. \u201cA capacidade de compra est\u00e1 prejudicada n\u00e3o apenas pelo desemprego, como tamb\u00e9m pela infla\u00e7\u00e3o\u201d, disse Castelo Branco.<\/p>\n<p> Por outro lado, dezembro registrou dados positivos em rela\u00e7\u00e3o ao emprego e \u00e0s horas trabalhadas na produ\u00e7\u00e3o. Ap\u00f3s 23 meses consecutivos de queda, o emprego cresceu 0,2% em dezembro ante novembro.<\/p>\n<p>No mesmo per\u00edodo, as horas trabalhadas cresceram 1%. De acordo com a CNI, foi o segundo aumento consecutivo das horas trabalhadas na produ\u00e7\u00e3o. Nos \u00faltimos dois meses de 2016, o indicador acumulou crescimento de 1,8%.<\/p>\n<p>Todos os dados cont\u00eam ajuste sazonal, ou seja, levam em conta a infla\u00e7\u00e3o e as caracter\u00edsticas do per\u00edodo analisado.<\/p>\n<p>Para Fl\u00e1vio Castelo Branco, os resultados do emprego e horas trabalhadas podem sinalizar \u201cposs\u00edvel revers\u00e3o da trajet\u00f3ria negativa da atividade industrial, que j\u00e1 vem [ocorrendo] h\u00e1 dois anos\u201d.<\/p>\n<p>Queda anual<\/p>\n<p>Na compara\u00e7\u00e3o anual, os indicadores da ind\u00fastria pioraram em rela\u00e7\u00e3o a 2015. O faturamento real caiu 12,1% e as horas trabalhadas, 7,5%. O emprego diminuiu 7,5% e a massa real de sal\u00e1rios teve queda de 8,6%. J\u00e1 o rendimento m\u00e9dio do trabalhador recuou 1,2% de um ano para o outro.<\/p>\n<p>Segundo Castelo Branco, a compara\u00e7\u00e3o evidencia que 2016 foi um ano dif\u00edcil para ind\u00fastria. \u201cA magnitude da queda [do faturamento real], na casa dos dois d\u00edgitos e em cima de quedas que j\u00e1 t\u00eam sido grandes em anos anteriores, mostra uma grande corros\u00e3o do faturamento das empresas.\u201d<\/p>\n<p>Mariana Branco &#8211; Rep\u00f3rter da Ag\u00eancia Brasil<br \/>\nEdi\u00e7\u00e3o: Luana Louren\u00e7o<br \/>\n31\/01\/2017<\/p>\n","protected":false},"excerpt":{"rendered":"<p>O n\u00edvel de utiliza\u00e7\u00e3o da capacidade instalada da ind\u00fastria brasileira encerrou 2016 em 76%, o mais baixo j\u00e1 registrado desde 2003. A informa\u00e7\u00e3o \u00e9 da Confedera\u00e7\u00e3o Nacional da Ind\u00fastria (CNI), que divulgou os indicadores industriais relativos a dezembro do ano passado. \u201c\u00c9 indicativo de uma grande folga que existe na ind\u00fastria. H\u00e1 uma grande ociosidade [&hellip;]<\/p>\n","protected":false},"author":2,"featured_media":57583,"comment_status":"open","ping_status":"closed","sticky":false,"template":"","format":"standard","meta":{"tdm_status":"","tdm_grid_status":"","footnotes":""},"categories":[22,7],"tags":[],"class_list":{"0":"post-105793","1":"post","2":"type-post","3":"status-publish","4":"format-standard","5":"has-post-thumbnail","7":"category-brasil","8":"category-economia"},"_links":{"self":[{"href":"https:\/\/migracao.redenoticia.com.br\/noticia\/wp-json\/wp\/v2\/posts\/105793","targetHints":{"allow":["GET"]}}],"collection":[{"href":"https:\/\/migracao.redenoticia.com.br\/noticia\/wp-json\/wp\/v2\/posts"}],"about":[{"href":"https:\/\/migracao.redenoticia.com.br\/noticia\/wp-json\/wp\/v2\/types\/post"}],"author":[{"embeddable":true,"href":"https:\/\/migracao.redenoticia.com.br\/noticia\/wp-json\/wp\/v2\/users\/2"}],"replies":[{"embeddable":true,"href":"https:\/\/migracao.redenoticia.com.br\/noticia\/wp-json\/wp\/v2\/comments?post=105793"}],"version-history":[{"count":0,"href":"https:\/\/migracao.redenoticia.com.br\/noticia\/wp-json\/wp\/v2\/posts\/105793\/revisions"}],"wp:featuredmedia":[{"embeddable":true,"href":"https:\/\/migracao.redenoticia.com.br\/noticia\/wp-json\/wp\/v2\/media\/57583"}],"wp:attachment":[{"href":"https:\/\/migracao.redenoticia.com.br\/noticia\/wp-json\/wp\/v2\/media?parent=105793"}],"wp:term":[{"taxonomy":"category","embeddable":true,"href":"https:\/\/migracao.redenoticia.com.br\/noticia\/wp-json\/wp\/v2\/categories?post=105793"},{"taxonomy":"post_tag","embeddable":true,"href":"https:\/\/migracao.redenoticia.com.br\/noticia\/wp-json\/wp\/v2\/tags?post=105793"}],"curies":[{"name":"wp","href":"https:\/\/api.w.org\/{rel}","templated":true}]}}