{"id":105837,"date":"2017-01-31T18:35:32","date_gmt":"2017-01-31T20:35:32","guid":{"rendered":"http:\/\/www.redenoticia.com.br\/noticia\/?p=105837"},"modified":"2017-01-31T18:29:32","modified_gmt":"2017-01-31T20:29:32","slug":"novela-o-que-a-vida-me-roubou-resumo-0102-monserrat-nega-vender-terreno-a-alessandro","status":"publish","type":"post","link":"https:\/\/migracao.redenoticia.com.br\/noticia\/2017\/novela-o-que-a-vida-me-roubou-resumo-0102-monserrat-nega-vender-terreno-a-alessandro\/105837","title":{"rendered":"Novela \u201cO Que A Vida Me Roubou\u201d resumo 01\/02: Monserrat nega pedido de Alessandro"},"content":{"rendered":"<p><img loading=\"lazy\" decoding=\"async\" class=\"alignleft size-thumbnail wp-image-105656\" src=\"https:\/\/migracao.redenoticia.com.br\/noticia\/imagens\/o-que-a-vida-me-roubou-novela-resumo-sbt-150x112.jpg\" alt=\"\" width=\"150\" height=\"112\" srcset=\"https:\/\/migracao.redenoticia.com.br\/noticia\/imagens\/o-que-a-vida-me-roubou-novela-resumo-sbt-150x112.jpg 150w, https:\/\/migracao.redenoticia.com.br\/noticia\/imagens\/o-que-a-vida-me-roubou-novela-resumo-sbt-265x198.jpg 265w\" sizes=\"auto, (max-width: 150px) 100vw, 150px\" \/><strong><em>Novela \u201cO Que A Vida Me Roubou\u201d resumo 01\/02<\/em><\/strong>:\u00a0Jos\u00e9 Luis chega para falar com Lauro e Monserrat se emociona. Ela pede ao pai que fale com Jos\u00e9 Luis e Lauro aceita. Neste momento toca a campainha, Monserrat pensa ser Jos\u00e9 Luis mas, ao atender, v\u00ea que se trata de Alessandro. Este pede para falar com Lauro e Monserrat nega. Lauro ouve e pede que Alessandro entre e Jos\u00e9 Luiz espere. No escrit\u00f3rio, Alessandro pede a Lauro que o venda o terreno que est\u00e1 junto \u00e0 sua f\u00e1brica, pois deseja ampli\u00e1-la. Ele conta que \u00e9 filho de Benjamin, falecido h\u00e1 alguns dias. Lauro vai atr\u00e1s de Monserrat e pede a Jos\u00e9 Luis que se retire e volte depois. Alessandro pede a Monserrat que o venda seu terreno, mas ela o nega. <\/p>\n<p>No cap\u00edtulo 003(*), novela \u201cO Que A Vida Me Roubou\u201d, quarta-feira, 01 de fevereiro \u2013Alessandro pede para falar com Lauro, mas Monserrat nega. Lauro ouve e pede que Alessandro entre e Jos\u00e9 Luiz espere. No escrit\u00f3rio, Alessandro pede a Lauro que o venda o terreno que est\u00e1 junto \u00e0 sua f\u00e1brica, pois deseja ampli\u00e1-la. Alessandro completa dizendo ser filho de Benjamin, falecido h\u00e1 alguns dias. Lauro vai atr\u00e1s de Monserrat e pede a Jos\u00e9 Luis que se retire e volte depois. Alessandro pede a Monserrat que o venda seu terreno, mas ela o nega. Nadia volta de sua lua de mel e Monserrat a recebe feliz.<\/p>\n<p>Ela conta que terminou com Sebasti\u00e3o e que o caso com Jos\u00e9 Luis segue igual, j\u00e1 que ele n\u00e3o falou com seu pai. Nadia sugere que ela n\u00e3o se case, j\u00e1 que as coisas mudam depois do casamento. Monserrat, preocupada, pergunta a Nadia se as coisas est\u00e3o bem. Nadia responde que est\u00e3o maravilhosas. Na fazenda Almonte, Victor v\u00ea que as vacinas do gado est\u00e3o vencidas e ordena que comprem outras. Maria est\u00e1 na cozinha e se lamenta por Alessandro ter se afastado dela. Dominga pede que a jovem se esque\u00e7a dele, pois certamente agora ele se interessa por uma mulher de sua classe. Alessandro telefona para a fazenda e pede a Victor que o encontre em \u00c1gua Azul.<\/p>\n<p>Em \u00c1gua Azul, Joventino aborda o carro de Graciela e lhe pede o dinheiro prometido por ter feito Benjamin morrer rapidamente. Ela o d\u00e1 apenas sua pulseira e pede que ele a venda e deixe de incomod\u00e1-la. Dimitrio procura Bruno em sua casa e lhe d\u00e1 as escrituras de sua mans\u00e3o. Alessandro chega \u00e0 casa de Bruno e exige que ele devolva o dinheiro que roubou de seu pai. Ele se queixa com ele e diz que o mandar\u00e1 para a pris\u00e3o, mas Bruno recorre \u00e0s escrituras dadas por Dimitrio para pagar Alessandro, que se surpreende.<\/p>\n<p>(*) edi\u00e7\u00e3o do SBT, Novela \u201cO Que A Vida Me Roubou\u201d, sujeito a altera\u00e7\u00e3o de data e conte\u00fado.<\/p>\n","protected":false},"excerpt":{"rendered":"<p>Novela \u201cO Que A Vida Me Roubou\u201d resumo 01\/02:\u00a0Jos\u00e9 Luis chega para falar com Lauro e Monserrat se emociona. Ela pede ao pai que fale com Jos\u00e9 Luis e Lauro aceita. Neste momento toca a campainha, Monserrat pensa ser Jos\u00e9 Luis mas, ao atender, v\u00ea que se trata de Alessandro. Este pede para falar com [&hellip;]<\/p>\n","protected":false},"author":4,"featured_media":105656,"comment_status":"open","ping_status":"closed","sticky":false,"template":"","format":"standard","meta":{"tdm_status":"","tdm_grid_status":"","footnotes":""},"categories":[379,372,343],"tags":[441],"class_list":{"0":"post-105837","1":"post","2":"type-post","3":"status-publish","4":"format-standard","5":"has-post-thumbnail","7":"category-novelas","8":"category-sbt","9":"category-televisao","10":"tag-resumo-do-dia"},"_links":{"self":[{"href":"https:\/\/migracao.redenoticia.com.br\/noticia\/wp-json\/wp\/v2\/posts\/105837","targetHints":{"allow":["GET"]}}],"collection":[{"href":"https:\/\/migracao.redenoticia.com.br\/noticia\/wp-json\/wp\/v2\/posts"}],"about":[{"href":"https:\/\/migracao.redenoticia.com.br\/noticia\/wp-json\/wp\/v2\/types\/post"}],"author":[{"embeddable":true,"href":"https:\/\/migracao.redenoticia.com.br\/noticia\/wp-json\/wp\/v2\/users\/4"}],"replies":[{"embeddable":true,"href":"https:\/\/migracao.redenoticia.com.br\/noticia\/wp-json\/wp\/v2\/comments?post=105837"}],"version-history":[{"count":0,"href":"https:\/\/migracao.redenoticia.com.br\/noticia\/wp-json\/wp\/v2\/posts\/105837\/revisions"}],"wp:featuredmedia":[{"embeddable":true,"href":"https:\/\/migracao.redenoticia.com.br\/noticia\/wp-json\/wp\/v2\/media\/105656"}],"wp:attachment":[{"href":"https:\/\/migracao.redenoticia.com.br\/noticia\/wp-json\/wp\/v2\/media?parent=105837"}],"wp:term":[{"taxonomy":"category","embeddable":true,"href":"https:\/\/migracao.redenoticia.com.br\/noticia\/wp-json\/wp\/v2\/categories?post=105837"},{"taxonomy":"post_tag","embeddable":true,"href":"https:\/\/migracao.redenoticia.com.br\/noticia\/wp-json\/wp\/v2\/tags?post=105837"}],"curies":[{"name":"wp","href":"https:\/\/api.w.org\/{rel}","templated":true}]}}