{"id":105839,"date":"2017-01-31T15:25:00","date_gmt":"2017-01-31T17:25:00","guid":{"rendered":"http:\/\/www.redenoticia.com.br\/noticia\/?p=105839"},"modified":"2017-01-31T18:20:13","modified_gmt":"2017-01-31T20:20:13","slug":"novela-rubi-resumo-0102-rubi-nao-esconde-decepcao","status":"publish","type":"post","link":"https:\/\/migracao.redenoticia.com.br\/noticia\/2017\/novela-rubi-resumo-0102-rubi-nao-esconde-decepcao\/105839","title":{"rendered":"Novela \u201cRubi\u201d resumo 01\/02: Alessandro provoca Rubi"},"content":{"rendered":"<p><img loading=\"lazy\" decoding=\"async\" class=\"alignleft size-thumbnail wp-image-103954\" src=\"https:\/\/migracao.redenoticia.com.br\/noticia\/imagens\/rubi-resumo-novela-capitulo-sbt-150x112.jpg\" alt=\"\" width=\"150\" height=\"112\" \/><strong><em>Novela \u201cRubi\u201d resumo 01\/02<\/em><\/strong>: inconformada, Maribel, diz a Heitor que o casamento foi cancelado e est\u00e1 preocupada, pois talvez n\u00e3o consigam encontrar data dispon\u00edvel em outra igreja. Alessandro estranha a atitude de Heitor e pergunta por que n\u00e3o deu entrada nos pap\u00e9is de seu casamento. Heitor diz a Maribel que Alessandro o acompanhou at\u00e9 a igreja e que a data j\u00e1 est\u00e1 marcada. Alessandro, ir\u00f4nico, diz a Rubi que ela n\u00e3o conseguiu esconder sua decep\u00e7\u00e3o ao saber que o casamento de Maribel e Heitor n\u00e3o foi cancelado.<\/p>\n<p>No cap\u00edtulo 013(*), novela \u201cRubi\u201d, quarta-feira, 01 de fevereiro \u2013 Maribel, inconformada, diz a Heitor que o casamento foi cancelado e est\u00e1 preocupada, pois talvez n\u00e3o consigam encontrar data dispon\u00edvel em outra igreja. Alessandro, estranhando a atitude de Heitor, pergunta por que n\u00e3o deu entrada nos pap\u00e9is de seu casamento.<\/p>\n<p>Heitor diz a Maribel que Alessandro o acompanhou at\u00e9 a igreja e que a data j\u00e1 est\u00e1 marcada. Alessandro, ir\u00f4nico, diz a Rubi que ela n\u00e3o conseguiu esconder sua decep\u00e7\u00e3o ao saber que o casamento de Maribel e Heitor n\u00e3o foi cancelado. In\u00e1cio,<\/p>\n<p>preocupado, telefona para Alessandro e diz que as falhas de mem\u00f3ria de sua m\u00e3e s\u00e3o cada vez mais constantes. Alessandro diz que vai submet\u00ea-la a v\u00e1rios exames, mas tudo indica que esteja com o mal de Alzheimer. Genaro diz a Heitor que Artur lhe prop\u00f4s alguns neg\u00f3cios, mas n\u00e3o sabe se deve aceitar, pois percebe que est\u00e1 muito indeciso quanto a seus sentimentos por Maribel.<\/p>\n<p>(*) edi\u00e7\u00e3o do SBT, Novela \u201cRubi\u201d, sujeito a altera\u00e7\u00e3o de data e conte\u00fado.<\/p>\n","protected":false},"excerpt":{"rendered":"<p>Novela \u201cRubi\u201d resumo 01\/02: inconformada, Maribel, diz a Heitor que o casamento foi cancelado e est\u00e1 preocupada, pois talvez n\u00e3o consigam encontrar data dispon\u00edvel em outra igreja. Alessandro estranha a atitude de Heitor e pergunta por que n\u00e3o deu entrada nos pap\u00e9is de seu casamento. Heitor diz a Maribel que Alessandro o acompanhou at\u00e9 a [&hellip;]<\/p>\n","protected":false},"author":4,"featured_media":103954,"comment_status":"open","ping_status":"closed","sticky":false,"template":"","format":"standard","meta":{"tdm_status":"","tdm_grid_status":"","footnotes":""},"categories":[379,372,343],"tags":[441],"class_list":{"0":"post-105839","1":"post","2":"type-post","3":"status-publish","4":"format-standard","5":"has-post-thumbnail","7":"category-novelas","8":"category-sbt","9":"category-televisao","10":"tag-resumo-do-dia"},"_links":{"self":[{"href":"https:\/\/migracao.redenoticia.com.br\/noticia\/wp-json\/wp\/v2\/posts\/105839","targetHints":{"allow":["GET"]}}],"collection":[{"href":"https:\/\/migracao.redenoticia.com.br\/noticia\/wp-json\/wp\/v2\/posts"}],"about":[{"href":"https:\/\/migracao.redenoticia.com.br\/noticia\/wp-json\/wp\/v2\/types\/post"}],"author":[{"embeddable":true,"href":"https:\/\/migracao.redenoticia.com.br\/noticia\/wp-json\/wp\/v2\/users\/4"}],"replies":[{"embeddable":true,"href":"https:\/\/migracao.redenoticia.com.br\/noticia\/wp-json\/wp\/v2\/comments?post=105839"}],"version-history":[{"count":0,"href":"https:\/\/migracao.redenoticia.com.br\/noticia\/wp-json\/wp\/v2\/posts\/105839\/revisions"}],"wp:featuredmedia":[{"embeddable":true,"href":"https:\/\/migracao.redenoticia.com.br\/noticia\/wp-json\/wp\/v2\/media\/103954"}],"wp:attachment":[{"href":"https:\/\/migracao.redenoticia.com.br\/noticia\/wp-json\/wp\/v2\/media?parent=105839"}],"wp:term":[{"taxonomy":"category","embeddable":true,"href":"https:\/\/migracao.redenoticia.com.br\/noticia\/wp-json\/wp\/v2\/categories?post=105839"},{"taxonomy":"post_tag","embeddable":true,"href":"https:\/\/migracao.redenoticia.com.br\/noticia\/wp-json\/wp\/v2\/tags?post=105839"}],"curies":[{"name":"wp","href":"https:\/\/api.w.org\/{rel}","templated":true}]}}