{"id":105882,"date":"2017-02-01T01:04:34","date_gmt":"2017-02-01T03:04:34","guid":{"rendered":"http:\/\/www.redenoticia.com.br\/noticia\/?p=105882"},"modified":"2017-01-31T19:45:36","modified_gmt":"2017-01-31T21:45:36","slug":"inscricoes-para-o-prouni-3","status":"publish","type":"post","link":"https:\/\/migracao.redenoticia.com.br\/noticia\/2017\/inscricoes-para-o-prouni-3\/105882","title":{"rendered":"Inscri\u00e7\u00f5es para o ProUni"},"content":{"rendered":"<p> Os estudantes que fizeram o Exame Nacional do Ensino M\u00e9dio (Enem) no ano passado podem se inscrever no Programa Universidade para Todos (<em><strong>Prouni<\/strong><\/em>). As inscri\u00e7\u00f5es podem ser feitas pela internet,no .\u00a0 O per\u00edodo de inscri\u00e7\u00f5es se encerrar\u00e1 \u00e0s 23h59, no hor\u00e1rio de Bras\u00edlia, de 3 de fevereiro.<\/p>\n<p>No total, ser\u00e3o oferecidas 214.110 bolsas de estudos, n\u00famero que apresenta um crescimento de 5% em rela\u00e7\u00e3o ao mesmo per\u00edodo do ano passado, quando foram ofertadas 203.602 bolsas. O ProUni concede bolsas de estudo integrais e parciais em cursos de gradua\u00e7\u00e3o em institui\u00e7\u00f5es privadas de educa\u00e7\u00e3o superior de todo o pa\u00eds. A sele\u00e7\u00e3o dos candidatos, com base nas notas do Enem, alinha inclus\u00e3o \u00e0 qualidade e m\u00e9rito dos estudantes com melhor desempenho acad\u00eamico.<\/p>\n<p>Do total de bolsas ofertadas, 103.719 s\u00e3o integrais e 110.391 parciais \u2014 o governo federal cobre 50% da mensalidade. Para acesso ao processo seletivo, na p\u00e1gina eletr\u00f4nica do programa, o candidato deve informar o n\u00famero de inscri\u00e7\u00e3o e a senha usados no Enem. \u00c9 poss\u00edvel escolher at\u00e9 duas op\u00e7\u00f5es de curso, por ordem de prefer\u00eancia.<\/p>\n<p>O resultado da primeira chamada ser\u00e1 divulgado no dia 6 de fevereiro e o da segunda chamada, no dia 20.<\/p>\n<p>Podem concorrer os estudantes que n\u00e3o tenham diploma de curso superior e tenham alcan\u00e7ado o m\u00ednimo de 450 pontos no Enem; tenham cursado o ensino m\u00e9dio em escola p\u00fablica ou, na condi\u00e7\u00e3o de bolsista integral, na rede particular e comprovem renda familiar de at\u00e9 um sal\u00e1rio m\u00ednimo e meio para a bolsa integral e de at\u00e9 tr\u00eas sal\u00e1rios m\u00ednimos para a parcial. Tamb\u00e9m podem participar pessoas com defici\u00eancia e professores da rede p\u00fablica que integrem o quadro permanente da institui\u00e7\u00e3o de ensino.<\/p>\n<p>Mariana Tokarnia &#8211; Rep\u00f3rter da Ag\u00eancia Brasil<br \/>\nEdi\u00e7\u00e3o: Gra\u00e7a Adjuto<br \/>\n01\/02\/2017<\/p>\n","protected":false},"excerpt":{"rendered":"<p>Os estudantes que fizeram o Exame Nacional do Ensino M\u00e9dio (Enem) no ano passado podem se inscrever no Programa Universidade para Todos (Prouni). As inscri\u00e7\u00f5es podem ser feitas pela internet,no .\u00a0 O per\u00edodo de inscri\u00e7\u00f5es se encerrar\u00e1 \u00e0s 23h59, no hor\u00e1rio de Bras\u00edlia, de 3 de fevereiro. No total, ser\u00e3o oferecidas 214.110 bolsas de estudos, [&hellip;]<\/p>\n","protected":false},"author":2,"featured_media":23011,"comment_status":"open","ping_status":"closed","sticky":false,"template":"","format":"standard","meta":{"tdm_status":"","tdm_grid_status":"","footnotes":""},"categories":[22,370,295],"tags":[],"class_list":{"0":"post-105882","1":"post","2":"type-post","3":"status-publish","4":"format-standard","5":"has-post-thumbnail","7":"category-brasil","8":"category-inscricao","9":"category-vestibular"},"_links":{"self":[{"href":"https:\/\/migracao.redenoticia.com.br\/noticia\/wp-json\/wp\/v2\/posts\/105882","targetHints":{"allow":["GET"]}}],"collection":[{"href":"https:\/\/migracao.redenoticia.com.br\/noticia\/wp-json\/wp\/v2\/posts"}],"about":[{"href":"https:\/\/migracao.redenoticia.com.br\/noticia\/wp-json\/wp\/v2\/types\/post"}],"author":[{"embeddable":true,"href":"https:\/\/migracao.redenoticia.com.br\/noticia\/wp-json\/wp\/v2\/users\/2"}],"replies":[{"embeddable":true,"href":"https:\/\/migracao.redenoticia.com.br\/noticia\/wp-json\/wp\/v2\/comments?post=105882"}],"version-history":[{"count":0,"href":"https:\/\/migracao.redenoticia.com.br\/noticia\/wp-json\/wp\/v2\/posts\/105882\/revisions"}],"wp:featuredmedia":[{"embeddable":true,"href":"https:\/\/migracao.redenoticia.com.br\/noticia\/wp-json\/wp\/v2\/media\/23011"}],"wp:attachment":[{"href":"https:\/\/migracao.redenoticia.com.br\/noticia\/wp-json\/wp\/v2\/media?parent=105882"}],"wp:term":[{"taxonomy":"category","embeddable":true,"href":"https:\/\/migracao.redenoticia.com.br\/noticia\/wp-json\/wp\/v2\/categories?post=105882"},{"taxonomy":"post_tag","embeddable":true,"href":"https:\/\/migracao.redenoticia.com.br\/noticia\/wp-json\/wp\/v2\/tags?post=105882"}],"curies":[{"name":"wp","href":"https:\/\/api.w.org\/{rel}","templated":true}]}}