{"id":105888,"date":"2017-02-01T01:07:56","date_gmt":"2017-02-01T03:07:56","guid":{"rendered":"http:\/\/www.redenoticia.com.br\/noticia\/?p=105888"},"modified":"2017-01-31T19:48:46","modified_gmt":"2017-01-31T21:48:46","slug":"indice-de-precos-ao-produtor-acumula-alta-de-171-em-2016","status":"publish","type":"post","link":"https:\/\/migracao.redenoticia.com.br\/noticia\/2017\/indice-de-precos-ao-produtor-acumula-alta-de-171-em-2016\/105888","title":{"rendered":"\u00cdndice de Pre\u00e7os ao Produtor acumula alta de 1,71% em 2016"},"content":{"rendered":"<p> A <strong><em>infla\u00e7\u00e3o<\/em><\/strong> medida na porta das f\u00e1bricas, antes da cobran\u00e7a de impostos e fretes, foi de 1,28% em dezembro, divulgou o Instituto Brasileiro de Geografia e Estat\u00edstica (IBGE). A varia\u00e7\u00e3o \u00e9 acompanhada no \u00cdndice de Pre\u00e7os ao Produtor (IPP), que acumulou alta de 1,71% nos doze meses de 2016.<\/p>\n<p>A alta registrada em dezembro foi maior do que a de novembro, m\u00eas em que o IPP foi de 0,80%. Em dezembro de 2015, o \u00edndice revelou queda de -0,35% nos pre\u00e7os.<\/p>\n<p>Segundo o IBGE, 18 das 24 atividades medidas tiveram alta de pre\u00e7os. As varia\u00e7\u00f5es mais elevadas foram nas ind\u00fastrias extrativas (19,55%), refino de petr\u00f3leo e produtos de \u00e1lcool (2,53%), metalurgia (2,20%) e fumo (1,81%).<\/p>\n<p>Com a maior alta, a ind\u00fastria extrativa foi tamb\u00e9m a principal influ\u00eancia que puxou a varia\u00e7\u00e3o de pre\u00e7os geral para cima. De acordo com a pesquisa, a demanda chinesa de min\u00e9rio de ferro elevou os pre\u00e7os da commodity em 2016.<\/p>\n<p>Se observadas as categorias econ\u00f4micas da ind\u00fastria, os bens de consumo foram os que garantiram a alta, com uma eleva\u00e7\u00e3o de pre\u00e7os de 5,21%. Os bens de capital, importantes para a infraestrutura da cadeia produtiva, tiveram queda de 0,41% nos pre\u00e7os.<\/p>\n<p>Vin\u00edcius Lisboa &#8211; Rep\u00f3rter da Ag\u00eancia Brasil<br \/>\nEdi\u00e7\u00e3o: Maria Claudia<br \/>\n01\/02\/2017<\/p>\n","protected":false},"excerpt":{"rendered":"<p>A infla\u00e7\u00e3o medida na porta das f\u00e1bricas, antes da cobran\u00e7a de impostos e fretes, foi de 1,28% em dezembro, divulgou o Instituto Brasileiro de Geografia e Estat\u00edstica (IBGE). A varia\u00e7\u00e3o \u00e9 acompanhada no \u00cdndice de Pre\u00e7os ao Produtor (IPP), que acumulou alta de 1,71% nos doze meses de 2016. A alta registrada em dezembro foi [&hellip;]<\/p>\n","protected":false},"author":2,"featured_media":57582,"comment_status":"open","ping_status":"closed","sticky":false,"template":"","format":"standard","meta":{"tdm_status":"","tdm_grid_status":"","footnotes":""},"categories":[22,7],"tags":[],"class_list":{"0":"post-105888","1":"post","2":"type-post","3":"status-publish","4":"format-standard","5":"has-post-thumbnail","7":"category-brasil","8":"category-economia"},"_links":{"self":[{"href":"https:\/\/migracao.redenoticia.com.br\/noticia\/wp-json\/wp\/v2\/posts\/105888","targetHints":{"allow":["GET"]}}],"collection":[{"href":"https:\/\/migracao.redenoticia.com.br\/noticia\/wp-json\/wp\/v2\/posts"}],"about":[{"href":"https:\/\/migracao.redenoticia.com.br\/noticia\/wp-json\/wp\/v2\/types\/post"}],"author":[{"embeddable":true,"href":"https:\/\/migracao.redenoticia.com.br\/noticia\/wp-json\/wp\/v2\/users\/2"}],"replies":[{"embeddable":true,"href":"https:\/\/migracao.redenoticia.com.br\/noticia\/wp-json\/wp\/v2\/comments?post=105888"}],"version-history":[{"count":0,"href":"https:\/\/migracao.redenoticia.com.br\/noticia\/wp-json\/wp\/v2\/posts\/105888\/revisions"}],"wp:featuredmedia":[{"embeddable":true,"href":"https:\/\/migracao.redenoticia.com.br\/noticia\/wp-json\/wp\/v2\/media\/57582"}],"wp:attachment":[{"href":"https:\/\/migracao.redenoticia.com.br\/noticia\/wp-json\/wp\/v2\/media?parent=105888"}],"wp:term":[{"taxonomy":"category","embeddable":true,"href":"https:\/\/migracao.redenoticia.com.br\/noticia\/wp-json\/wp\/v2\/categories?post=105888"},{"taxonomy":"post_tag","embeddable":true,"href":"https:\/\/migracao.redenoticia.com.br\/noticia\/wp-json\/wp\/v2\/tags?post=105888"}],"curies":[{"name":"wp","href":"https:\/\/api.w.org\/{rel}","templated":true}]}}