{"id":105937,"date":"2017-02-01T17:16:04","date_gmt":"2017-02-01T19:16:04","guid":{"rendered":"http:\/\/www.redenoticia.com.br\/noticia\/?p=105937"},"modified":"2017-02-01T21:18:43","modified_gmt":"2017-02-01T23:18:43","slug":"novela-a-gata-resumo-0202-paulinho-quer-ficar-com-a-avo-lorena","status":"publish","type":"post","link":"https:\/\/migracao.redenoticia.com.br\/noticia\/2017\/novela-a-gata-resumo-0202-paulinho-quer-ficar-com-a-avo-lorena\/105937","title":{"rendered":"Novela \u201cA Gata\u201d resumo 02\/02: Paulinho quer ficar com a av\u00f3 Lorena"},"content":{"rendered":"<p> <img loading=\"lazy\" decoding=\"async\" class=\"alignleft size-thumbnail wp-image-92254\" src=\"https:\/\/migracao.redenoticia.com.br\/noticia\/imagens\/A_Gata_novela_resumo_SBT-150x112.jpg\" alt=\"A_Gata_novela_resumo_SBT\" width=\"150\" height=\"112\" srcset=\"https:\/\/migracao.redenoticia.com.br\/noticia\/imagens\/A_Gata_novela_resumo_SBT-150x112.jpg 150w, https:\/\/migracao.redenoticia.com.br\/noticia\/imagens\/A_Gata_novela_resumo_SBT-265x198.jpg 265w\" sizes=\"auto, (max-width: 150px) 100vw, 150px\" \/><strong><em>Novela \u201cA Gata\u201d resumo 02\/02<\/em><\/strong>: Lorena despede Dora, que diz a ex-patroa que ela vai ficar s\u00f3 com seus fantasmas. Depois a pequena Virginia diz a Esmeralda, Jacira e seu pai que sua av\u00f3 Lorena a disse que n\u00e3o a beija por ela ser moreninha, mas que Dora a defendeu. Isso \u00e9 mais um motivo para Esmeralda ir atr\u00e1s de Paulinho, pois ele est\u00e1 a demorar a retornar a sua casa. Quando chega a casa de Lorena, Paulinho diz que vai ficar com sua av\u00f3, porque ela (Esmeralda) \u00e9 muito m\u00e1, por isso a chamam de Gata. Esmeralda responde que seus amigos a chamam de Gata carinhosamente, e que j\u00e1 explicou a ele quanto \u00e0 sua origem.<\/p>\n<p>No cap\u00edtulo 124(*), novela \u201cA Gata\u201d, quinta-feira, 02 de fevereiro \u2013 Esmeralda, fora de si, diz a Perla e Jacira que Paulo ficou de trazer Paulinho h\u00e1 duas horas e at\u00e9 o momento nada deles. Jacira responde que o menino n\u00e3o est\u00e1 com qualquer pessoa, mas com seu pai, Esmeralda diz que Lorena n\u00e3o tem limites e pode encher a cabe\u00e7a do menino de bobagens. <\/p>\n<p>Perla diz que Paulo e Lorena tamb\u00e9m t\u00eam o direito de conviver com o menino. Lorena despede Dora, que diz que Lorena ficar\u00e1 s\u00f3 com seus \u201cfantasmas\u201d. A pequena Virginia diz a Esmeralda, Jacira e seu pai que sua av\u00f3 Lorena a disse que n\u00e3o a beija por ela ser moreninha, mas que Dora a defendeu. <\/p>\n<p>Quando Esmeralda chega atr\u00e1s de Paulinho, ele a diz que ficar\u00e1 com sua av\u00f3, porque ela (Esmeralda) \u00e9 muito m\u00e1, por isso a chamam de \u201cGata\u201d. Esmeralda responde que seus amigos a chamam de \u201cGata\u201d carinhosamente, e que j\u00e1 explicou tanto a ele quanto \u00e0 sua origem.<\/p>\n<p>(*) edi\u00e7\u00e3o do SBT, Novela \u201cA Gata\u201d, sujeito a altera\u00e7\u00e3o de data e conte\u00fado.<\/p>\n","protected":false},"excerpt":{"rendered":"<p>Novela \u201cA Gata\u201d resumo 02\/02: Lorena despede Dora, que diz a ex-patroa que ela vai ficar s\u00f3 com seus fantasmas. Depois a pequena Virginia diz a Esmeralda, Jacira e seu pai que sua av\u00f3 Lorena a disse que n\u00e3o a beija por ela ser moreninha, mas que Dora a defendeu. Isso \u00e9 mais um motivo [&hellip;]<\/p>\n","protected":false},"author":2,"featured_media":92254,"comment_status":"open","ping_status":"closed","sticky":false,"template":"","format":"standard","meta":{"tdm_status":"","tdm_grid_status":"","footnotes":""},"categories":[379,372,343],"tags":[441],"class_list":{"0":"post-105937","1":"post","2":"type-post","3":"status-publish","4":"format-standard","5":"has-post-thumbnail","7":"category-novelas","8":"category-sbt","9":"category-televisao","10":"tag-resumo-do-dia"},"_links":{"self":[{"href":"https:\/\/migracao.redenoticia.com.br\/noticia\/wp-json\/wp\/v2\/posts\/105937","targetHints":{"allow":["GET"]}}],"collection":[{"href":"https:\/\/migracao.redenoticia.com.br\/noticia\/wp-json\/wp\/v2\/posts"}],"about":[{"href":"https:\/\/migracao.redenoticia.com.br\/noticia\/wp-json\/wp\/v2\/types\/post"}],"author":[{"embeddable":true,"href":"https:\/\/migracao.redenoticia.com.br\/noticia\/wp-json\/wp\/v2\/users\/2"}],"replies":[{"embeddable":true,"href":"https:\/\/migracao.redenoticia.com.br\/noticia\/wp-json\/wp\/v2\/comments?post=105937"}],"version-history":[{"count":0,"href":"https:\/\/migracao.redenoticia.com.br\/noticia\/wp-json\/wp\/v2\/posts\/105937\/revisions"}],"wp:featuredmedia":[{"embeddable":true,"href":"https:\/\/migracao.redenoticia.com.br\/noticia\/wp-json\/wp\/v2\/media\/92254"}],"wp:attachment":[{"href":"https:\/\/migracao.redenoticia.com.br\/noticia\/wp-json\/wp\/v2\/media?parent=105937"}],"wp:term":[{"taxonomy":"category","embeddable":true,"href":"https:\/\/migracao.redenoticia.com.br\/noticia\/wp-json\/wp\/v2\/categories?post=105937"},{"taxonomy":"post_tag","embeddable":true,"href":"https:\/\/migracao.redenoticia.com.br\/noticia\/wp-json\/wp\/v2\/tags?post=105937"}],"curies":[{"name":"wp","href":"https:\/\/api.w.org\/{rel}","templated":true}]}}