{"id":105941,"date":"2017-02-01T20:22:18","date_gmt":"2017-02-01T22:22:18","guid":{"rendered":"http:\/\/www.redenoticia.com.br\/noticia\/?p=105941"},"modified":"2017-02-01T21:26:05","modified_gmt":"2017-02-01T23:26:05","slug":"novela-carinha-de-anjo-resumo-0202-madre-decide-manter-cecilia-no-colegio","status":"publish","type":"post","link":"https:\/\/migracao.redenoticia.com.br\/noticia\/2017\/novela-carinha-de-anjo-resumo-0202-madre-decide-manter-cecilia-no-colegio\/105941","title":{"rendered":"Novela \u201cCarinha de Anjo\u201d resumo 02\/02: Madre decide manter Cec\u00edlia no col\u00e9gio"},"content":{"rendered":"<p> <img loading=\"lazy\" decoding=\"async\" class=\"alignleft size-thumbnail wp-image-99331\" src=\"https:\/\/migracao.redenoticia.com.br\/noticia\/imagens\/carinha_de_anjo_sbt_novela_resumo_capitulo-150x112.jpg\" alt=\"carinha_de_anjo_sbt_novela_resumo_capitulo\" width=\"150\" height=\"112\" srcset=\"https:\/\/migracao.redenoticia.com.br\/noticia\/imagens\/carinha_de_anjo_sbt_novela_resumo_capitulo-150x112.jpg 150w, https:\/\/migracao.redenoticia.com.br\/noticia\/imagens\/carinha_de_anjo_sbt_novela_resumo_capitulo-265x198.jpg 265w\" sizes=\"auto, (max-width: 150px) 100vw, 150px\" \/><strong><em>Novela \u201cCarinha de Anjo\u201d resumo 02\/02<\/em><\/strong>: na sala da Madre Superiora, Dulce Maria revela que, ap\u00f3s escutar o que Pascoal lhe explicou sobre o extintor de inc\u00eandio, decidiu utilizar na sala de m\u00fasica porque viu formigas entrarem e por isso jogou fuma\u00e7a nelas. Enquanto isso, Fabiana e F\u00e1tima pegam formigas no p\u00e1tio do col\u00e9gio para colocar na sala de m\u00fasica. A Madre Superiora decide averiguar se h\u00e1 formigas na sala de m\u00fasica. O plano das formigas d\u00e1 certo. Depois, sem que ningu\u00e9m veja, Dulce Maria conta para Tia Perucas \u00e0 verdade. Cec\u00edlia, F\u00e1tima e Fabiana correm para rezar e pedir perd\u00e3o pela mentira que aprontaram. Na sala da diretoria, Estef\u00e2nia d\u00e1 uma desculpa e pede para que Dulce Maria saia da diretoria, assim, ela revela para a diretora que Dulce Maria pensou em ser expulsa do col\u00e9gio. Madre Superiora reflete e se emociona. A religiosa diz vai manter Cec\u00edlia no col\u00e9gio, mas que conta com o afastamento de Gustavo.<\/p>\n<p>No cap\u00edtulo 054(*), novela \u201cCarinha de Anjo\u201d, quinta-feira, 02 de fevereiro \u2013 Juju Almeida grava um v\u00eddeo para seu vlog e fala sobre tr\u00eas atividades ruins para fazer no s\u00e1bado \u00e0 noite. Na sala da Madre Superiora, Dulce Maria revela que ap\u00f3s escutar o que Pascoal lhe explicou sobre o extintor de inc\u00eandio decidiu utilizar na sala de m\u00fasica. Dulce Maria conta que viu formigas entrarem na sala de m\u00fasica e por isso jogou fuma\u00e7a nelas. Fabiana e Fatima pegam formigas no p\u00e1tio do col\u00e9gio para colocar na sala de m\u00fasica. <\/p>\n<p>Madre Superiora decide averiguar se h\u00e1 formigas na sala de m\u00fasica. Enquanto isso, sem que ningu\u00e9m veja, Dulce Maria conta para Tia Perucas a verdade. O plano das formigas d\u00e1 certo. Cec\u00edlia, F\u00e1tima e Fabiana correm para rezar e pedir perd\u00e3o pela mentira que aprontaram. Pascoal conta para as tr\u00eas que elas esqueceram o pote das formigas na sala de m\u00fasica. Fabiana conta para Pascoal o que aconteceu na verdade. Estef\u00e2nia pede para que Dulce Maria saia da diretoria e revela para a diretora que Dulce Maria pensou em ser expulsa do col\u00e9gio. <\/p>\n<p>Madre Superiora reflete e se emociona. A religiosa diz vai manter Cec\u00edlia no col\u00e9gio, mas que conta com o afastamento de Gustavo do col\u00e9gio. Em seguida, Gustavo e Tia Perucas contam para Dulce Maria que Cec\u00edlia n\u00e3o ir\u00e1 mais embora do col\u00e9gio. Cec\u00edlia, Fabiana e F\u00e1tima ficam felizes com a not\u00edcia da fam\u00edlia L\u00e1rios de que Cec\u00edlia n\u00e3o ir\u00e1 mais embora do col\u00e9gio. Todos come\u00e7am a chegar no show de Z\u00e9 Felipe, filho do sertanejo Leonardo.<\/p>\n<p>(*) edi\u00e7\u00e3o do SBT, Novela \u201cCarinha de Anjo\u201d, sujeito a altera\u00e7\u00e3o de data e conte\u00fado.<\/p>\n","protected":false},"excerpt":{"rendered":"<p>Novela \u201cCarinha de Anjo\u201d resumo 02\/02: na sala da Madre Superiora, Dulce Maria revela que, ap\u00f3s escutar o que Pascoal lhe explicou sobre o extintor de inc\u00eandio, decidiu utilizar na sala de m\u00fasica porque viu formigas entrarem e por isso jogou fuma\u00e7a nelas. Enquanto isso, Fabiana e F\u00e1tima pegam formigas no p\u00e1tio do col\u00e9gio para [&hellip;]<\/p>\n","protected":false},"author":2,"featured_media":99331,"comment_status":"open","ping_status":"closed","sticky":false,"template":"","format":"standard","meta":{"tdm_status":"","tdm_grid_status":"","footnotes":""},"categories":[452,379,372,343],"tags":[441],"class_list":{"0":"post-105941","1":"post","2":"type-post","3":"status-publish","4":"format-standard","5":"has-post-thumbnail","7":"category-carinha-de-anjo","8":"category-novelas","9":"category-sbt","10":"category-televisao","11":"tag-resumo-do-dia"},"_links":{"self":[{"href":"https:\/\/migracao.redenoticia.com.br\/noticia\/wp-json\/wp\/v2\/posts\/105941","targetHints":{"allow":["GET"]}}],"collection":[{"href":"https:\/\/migracao.redenoticia.com.br\/noticia\/wp-json\/wp\/v2\/posts"}],"about":[{"href":"https:\/\/migracao.redenoticia.com.br\/noticia\/wp-json\/wp\/v2\/types\/post"}],"author":[{"embeddable":true,"href":"https:\/\/migracao.redenoticia.com.br\/noticia\/wp-json\/wp\/v2\/users\/2"}],"replies":[{"embeddable":true,"href":"https:\/\/migracao.redenoticia.com.br\/noticia\/wp-json\/wp\/v2\/comments?post=105941"}],"version-history":[{"count":0,"href":"https:\/\/migracao.redenoticia.com.br\/noticia\/wp-json\/wp\/v2\/posts\/105941\/revisions"}],"wp:featuredmedia":[{"embeddable":true,"href":"https:\/\/migracao.redenoticia.com.br\/noticia\/wp-json\/wp\/v2\/media\/99331"}],"wp:attachment":[{"href":"https:\/\/migracao.redenoticia.com.br\/noticia\/wp-json\/wp\/v2\/media?parent=105941"}],"wp:term":[{"taxonomy":"category","embeddable":true,"href":"https:\/\/migracao.redenoticia.com.br\/noticia\/wp-json\/wp\/v2\/categories?post=105941"},{"taxonomy":"post_tag","embeddable":true,"href":"https:\/\/migracao.redenoticia.com.br\/noticia\/wp-json\/wp\/v2\/tags?post=105941"}],"curies":[{"name":"wp","href":"https:\/\/api.w.org\/{rel}","templated":true}]}}