{"id":105945,"date":"2017-02-01T17:29:24","date_gmt":"2017-02-01T19:29:24","guid":{"rendered":"http:\/\/www.redenoticia.com.br\/noticia\/?p=105945"},"modified":"2017-02-01T21:30:59","modified_gmt":"2017-02-01T23:30:59","slug":"novela-cheias-de-charme-resumo-0202-inacio-decide-se-passar-por-fabian","status":"publish","type":"post","link":"https:\/\/migracao.redenoticia.com.br\/noticia\/2017\/novela-cheias-de-charme-resumo-0202-inacio-decide-se-passar-por-fabian\/105945","title":{"rendered":"Novela \u201cCheias de Charme\u201d resumo 02\/02: In\u00e1cio decide se passar por Fabian"},"content":{"rendered":"<p> <img loading=\"lazy\" decoding=\"async\" class=\"alignleft size-thumbnail wp-image-95548\" src=\"https:\/\/migracao.redenoticia.com.br\/noticia\/imagens\/cheias-de-charme-novela-globo-internacional-resumo-proximo-capitulo-150x112.jpg\" alt=\"cheias-de-charme-novela-globo-internacional-resumo-proximo-capitulo\" width=\"150\" height=\"112\" \/><strong><em>Novela \u201cCheias de Charme\u201d resumo 02\/02<\/em><\/strong>: Tom pensa em convidar In\u00e1cio para se passar por Fabian e vai falar com ele. Tom tenta convenc\u00ea-lo e In\u00e1cio fica de pensar na proposta. Mais tarde, In\u00e1cio decide se passar por Fabian para testar o amor de Ros\u00e1rio. Assim, In\u00e1cio e Fabian se encontram e este \u00faltimo se surpreende com a semelhan\u00e7a.<\/p>\n<p>No cap\u00edtulo 099(*), novela \u201cCheias de Charme\u201d, quinta-feira, 02 de fevereiro \u2013In\u00e1cio tem ci\u00fames de Ros\u00e1rio com Fabian. Lygia n\u00e3o perdoa Alejandro. Sandro distribui panfletos vestindo uma fantasia e Ru\u00e7o acha gra\u00e7a. M\u00e1slova percebe a impaci\u00eancia de Neiva com Valda. Gracinha discute com S\u00f4nia e Ariela fica agradecida. <\/p>\n<p>Tom tenta convencer In\u00e1cio a se passar por Fabian. Patrick se orgulha ao ver Sandro trabalhando. Alejandro conversa com Penha. Chayene pede para La\u00e9rcio chamar madame Kastrup. In\u00e1cio pensa na proposta de Tom. Ros\u00e1rio flagra Socorro ouvindo atr\u00e1s da porta. Penha procura Lygia. Cida reclama da insist\u00eancia de Conrado em querer se encontrar com ela. In\u00e1cio decide se passar por Fabian para testar o amor de Ros\u00e1rio. <\/p>\n<p>Sandro se emociona com uma declara\u00e7\u00e3o de Patrick. Elano fica encantado com Stela. Conrado exige que Cida fale com ele. Lygia pergunta se Penha pediu demiss\u00e3o porque foi assediada por Alejandro. Fabian se surpreende ao ver In\u00e1cio.<\/p>\n<p>(*) edi\u00e7\u00e3o da Rede Globo, Novela \u201cCheias de Charme\u201d, sujeito a altera\u00e7\u00e3o de data e conte\u00fado. <\/p>\n","protected":false},"excerpt":{"rendered":"<p>Novela \u201cCheias de Charme\u201d resumo 02\/02: Tom pensa em convidar In\u00e1cio para se passar por Fabian e vai falar com ele. Tom tenta convenc\u00ea-lo e In\u00e1cio fica de pensar na proposta. Mais tarde, In\u00e1cio decide se passar por Fabian para testar o amor de Ros\u00e1rio. Assim, In\u00e1cio e Fabian se encontram e este \u00faltimo se [&hellip;]<\/p>\n","protected":false},"author":2,"featured_media":95548,"comment_status":"open","ping_status":"closed","sticky":false,"template":"","format":"standard","meta":{"tdm_status":"","tdm_grid_status":"","footnotes":""},"categories":[379,375,343],"tags":[441],"class_list":{"0":"post-105945","1":"post","2":"type-post","3":"status-publish","4":"format-standard","5":"has-post-thumbnail","7":"category-novelas","8":"category-rede-globo","9":"category-televisao","10":"tag-resumo-do-dia"},"_links":{"self":[{"href":"https:\/\/migracao.redenoticia.com.br\/noticia\/wp-json\/wp\/v2\/posts\/105945","targetHints":{"allow":["GET"]}}],"collection":[{"href":"https:\/\/migracao.redenoticia.com.br\/noticia\/wp-json\/wp\/v2\/posts"}],"about":[{"href":"https:\/\/migracao.redenoticia.com.br\/noticia\/wp-json\/wp\/v2\/types\/post"}],"author":[{"embeddable":true,"href":"https:\/\/migracao.redenoticia.com.br\/noticia\/wp-json\/wp\/v2\/users\/2"}],"replies":[{"embeddable":true,"href":"https:\/\/migracao.redenoticia.com.br\/noticia\/wp-json\/wp\/v2\/comments?post=105945"}],"version-history":[{"count":0,"href":"https:\/\/migracao.redenoticia.com.br\/noticia\/wp-json\/wp\/v2\/posts\/105945\/revisions"}],"wp:featuredmedia":[{"embeddable":true,"href":"https:\/\/migracao.redenoticia.com.br\/noticia\/wp-json\/wp\/v2\/media\/95548"}],"wp:attachment":[{"href":"https:\/\/migracao.redenoticia.com.br\/noticia\/wp-json\/wp\/v2\/media?parent=105945"}],"wp:term":[{"taxonomy":"category","embeddable":true,"href":"https:\/\/migracao.redenoticia.com.br\/noticia\/wp-json\/wp\/v2\/categories?post=105945"},{"taxonomy":"post_tag","embeddable":true,"href":"https:\/\/migracao.redenoticia.com.br\/noticia\/wp-json\/wp\/v2\/tags?post=105945"}],"curies":[{"name":"wp","href":"https:\/\/api.w.org\/{rel}","templated":true}]}}