{"id":105947,"date":"2017-02-01T18:31:16","date_gmt":"2017-02-01T20:31:16","guid":{"rendered":"http:\/\/www.redenoticia.com.br\/noticia\/?p=105947"},"modified":"2017-02-01T21:35:11","modified_gmt":"2017-02-01T23:35:11","slug":"novela-malhacao-resumo-0202-joana-encontra-roupa-do-concurso-destruida","status":"publish","type":"post","link":"https:\/\/migracao.redenoticia.com.br\/noticia\/2017\/novela-malhacao-resumo-0202-joana-encontra-roupa-do-concurso-destruida\/105947","title":{"rendered":"Novela \u201cMalha\u00e7\u00e3o\u201d resumo 02\/02: Joana encontra roupa do concurso destru\u00edda"},"content":{"rendered":"<p> <img loading=\"lazy\" decoding=\"async\" class=\"alignleft size-thumbnail wp-image-91715\" src=\"https:\/\/migracao.redenoticia.com.br\/noticia\/imagens\/malhacao_pro_dia_nascer_feliz_resumo_novela-150x112.jpg\" alt=\"malhacao_pro_dia_nascer_feliz_resumo_novela\" width=\"150\" height=\"112\" srcset=\"https:\/\/migracao.redenoticia.com.br\/noticia\/imagens\/malhacao_pro_dia_nascer_feliz_resumo_novela-150x112.jpg 150w, https:\/\/migracao.redenoticia.com.br\/noticia\/imagens\/malhacao_pro_dia_nascer_feliz_resumo_novela-265x198.jpg 265w\" sizes=\"auto, (max-width: 150px) 100vw, 150px\" \/><strong><em>Novela \u201cMalha\u00e7\u00e3o\u201d resumo 02\/02<\/em><\/strong>: B\u00e1rbara faz de tudo para ganhar o concurso Estrela Carioca e, durante uma visita de Gabriel e Giovane \u00e0 casa de Dona Cl\u00e9o, a vil\u00e3 convida o jornalista Fl\u00e1vio para conhecer a av\u00f3 dos meninos. Sem entender a situa\u00e7\u00e3o, a senhora pergunta quem \u00e9 a tal estrela carioca e B\u00e1rbara diz que ela est\u00e1 ali. No entanto, para a surpresa de todos, Dona Cl\u00e9o parabeniza Joana ao inv\u00e9s de B\u00e1rbara. Ela diz que Joana tem postura de rainha. B\u00e1rbara fica furiosa. Mais tarde, come\u00e7a o desfile de Joana e B\u00e1rbara. Joana encontra sua roupa destru\u00edda e Sula e T\u00e2nia a acalmam. Sula refaz o vestido de Joana. Sai o resultado do concurso de Garota Carioca. Joana n\u00e3o deixa B\u00e1rbara sair do camarim e Sula impede outras meninas de entrarem. Joana confronta B\u00e1rbara.<\/p>\n<p>No cap\u00edtulo 119 (*), novela \u201cMalha\u00e7\u00e3o\u201d, quinta-feira, 02 de fevereiro \u2013 Sula sugere que R\u00f4mulo converse com Nanda. Renato se declara para Nanda. T\u00e2nia se preocupa com excesso de cuidado que Lucas tem com Martinha. Ricardo intercepta T\u00e2nia para saber de Joana. <\/p>\n<p>Come\u00e7a o desfile de Joana e B\u00e1rbara. Joana encontra sua roupa destru\u00edda e Sula e T\u00e2nia a acalmam. Sula refaz o vestido de Joana. Cleyton desfila para Krica. Sai o resultado do concurso de Garota Carioca. <\/p>\n<p>Manuela e F\u00e1bio lutam jiu-j\u00edtsu. Joana n\u00e3o deixa B\u00e1rbara sair do camarim e Sula impede outras meninas de entrarem. Joana confronta B\u00e1rbara.<\/p>\n<p>(*) edi\u00e7\u00e3o da Rede Globo, Novela \u201cMalha\u00e7\u00e3o\u201d, sujeito a altera\u00e7\u00e3o de data e conte\u00fado.<\/p>\n","protected":false},"excerpt":{"rendered":"<p>Novela \u201cMalha\u00e7\u00e3o\u201d resumo 02\/02: B\u00e1rbara faz de tudo para ganhar o concurso Estrela Carioca e, durante uma visita de Gabriel e Giovane \u00e0 casa de Dona Cl\u00e9o, a vil\u00e3 convida o jornalista Fl\u00e1vio para conhecer a av\u00f3 dos meninos. Sem entender a situa\u00e7\u00e3o, a senhora pergunta quem \u00e9 a tal estrela carioca e B\u00e1rbara diz [&hellip;]<\/p>\n","protected":false},"author":2,"featured_media":91715,"comment_status":"open","ping_status":"closed","sticky":false,"template":"","format":"standard","meta":{"tdm_status":"","tdm_grid_status":"","footnotes":""},"categories":[447,379,375,343],"tags":[441],"class_list":{"0":"post-105947","1":"post","2":"type-post","3":"status-publish","4":"format-standard","5":"has-post-thumbnail","7":"category-malhacao","8":"category-novelas","9":"category-rede-globo","10":"category-televisao","11":"tag-resumo-do-dia"},"_links":{"self":[{"href":"https:\/\/migracao.redenoticia.com.br\/noticia\/wp-json\/wp\/v2\/posts\/105947","targetHints":{"allow":["GET"]}}],"collection":[{"href":"https:\/\/migracao.redenoticia.com.br\/noticia\/wp-json\/wp\/v2\/posts"}],"about":[{"href":"https:\/\/migracao.redenoticia.com.br\/noticia\/wp-json\/wp\/v2\/types\/post"}],"author":[{"embeddable":true,"href":"https:\/\/migracao.redenoticia.com.br\/noticia\/wp-json\/wp\/v2\/users\/2"}],"replies":[{"embeddable":true,"href":"https:\/\/migracao.redenoticia.com.br\/noticia\/wp-json\/wp\/v2\/comments?post=105947"}],"version-history":[{"count":0,"href":"https:\/\/migracao.redenoticia.com.br\/noticia\/wp-json\/wp\/v2\/posts\/105947\/revisions"}],"wp:featuredmedia":[{"embeddable":true,"href":"https:\/\/migracao.redenoticia.com.br\/noticia\/wp-json\/wp\/v2\/media\/91715"}],"wp:attachment":[{"href":"https:\/\/migracao.redenoticia.com.br\/noticia\/wp-json\/wp\/v2\/media?parent=105947"}],"wp:term":[{"taxonomy":"category","embeddable":true,"href":"https:\/\/migracao.redenoticia.com.br\/noticia\/wp-json\/wp\/v2\/categories?post=105947"},{"taxonomy":"post_tag","embeddable":true,"href":"https:\/\/migracao.redenoticia.com.br\/noticia\/wp-json\/wp\/v2\/tags?post=105947"}],"curies":[{"name":"wp","href":"https:\/\/api.w.org\/{rel}","templated":true}]}}