{"id":105954,"date":"2017-02-02T01:12:18","date_gmt":"2017-02-02T03:12:18","guid":{"rendered":"http:\/\/www.redenoticia.com.br\/noticia\/?p=105954"},"modified":"2017-02-01T22:15:34","modified_gmt":"2017-02-02T00:15:34","slug":"instituto-de-quimica-da-unicamp-seleciona-doutor-para-bolsa-pnpd-capes","status":"publish","type":"post","link":"https:\/\/migracao.redenoticia.com.br\/noticia\/2017\/instituto-de-quimica-da-unicamp-seleciona-doutor-para-bolsa-pnpd-capes\/105954","title":{"rendered":"Instituto de Qu\u00edmica da Unicamp seleciona doutor para bolsa PNPD-Capes"},"content":{"rendered":"<p> Ag\u00eancia FAPESP \u2013 A Comiss\u00e3o de P\u00f3s-Gradua\u00e7\u00e3o do Instituto de Qu\u00edmica da Universidade Estadual de Campinas (IQ-Unicamp) est\u00e1 selecionando um <em><strong>doutor para o Programa Nacional de P\u00f3s-Doutorado<\/strong><\/em> da Coordena\u00e7\u00e3o Nacional para o Aperfei\u00e7oamento de Pessoal de N\u00edvel Superior (PNPD-Capes), regulamentado pela portaria da Capes 086\/2013. O prazo de inscri\u00e7\u00e3o encerra em 26 de fevereiro.<\/p>\n<p>Ser\u00e3o aceitos projetos em todas as \u00e1reas da Qu\u00edmica e ci\u00eancias correlatas. \u00c9 desej\u00e1vel que o projeto contemple tem\u00e1tica atual de pesquisa e que a proposta seja compat\u00edvel com a infraestrutura dispon\u00edvel no IQ-Unicamp. Ser\u00e3o consideradas propostas totalmente independentes ou vinculadas a algum grupo do IQ com trabalho de pesquisa correlato. O candidato ter\u00e1 acesso a toda a infraestrutura de pesquisa dispon\u00edvel no IQ-Unicamp.<\/p>\n<p>As propostas recebidas ser\u00e3o avaliadas por uma comiss\u00e3o composta pelos membros da comiss\u00e3o de p\u00f3s-gradua\u00e7\u00e3o e pelo coordenador de pesquisa do IQ-Unicamp, considerando o curr\u00edculo e o projeto do proponente.<\/p>\n<p>A bolsa iniciar\u00e1 em mar\u00e7o de 2017 at\u00e9 31 de agosto de 2018. O valor da mensalidade \u00e9 de R$ 4.100,00.<\/p>\n<p>As propostas ser\u00e3o recebidas pelo e-mail cpgiq@iqm.unicamp.br ou cpesquisa@iqm.unicamp.br.<\/p>\n","protected":false},"excerpt":{"rendered":"<p>Ag\u00eancia FAPESP \u2013 A Comiss\u00e3o de P\u00f3s-Gradua\u00e7\u00e3o do Instituto de Qu\u00edmica da Universidade Estadual de Campinas (IQ-Unicamp) est\u00e1 selecionando um doutor para o Programa Nacional de P\u00f3s-Doutorado da Coordena\u00e7\u00e3o Nacional para o Aperfei\u00e7oamento de Pessoal de N\u00edvel Superior (PNPD-Capes), regulamentado pela portaria da Capes 086\/2013. O prazo de inscri\u00e7\u00e3o encerra em 26 de fevereiro. Ser\u00e3o [&hellip;]<\/p>\n","protected":false},"author":2,"featured_media":28951,"comment_status":"open","ping_status":"closed","sticky":false,"template":"","format":"standard","meta":{"tdm_status":"","tdm_grid_status":"","footnotes":""},"categories":[22,370,353],"tags":[],"class_list":{"0":"post-105954","1":"post","2":"type-post","3":"status-publish","4":"format-standard","5":"has-post-thumbnail","7":"category-brasil","8":"category-inscricao","9":"category-oportunidades"},"_links":{"self":[{"href":"https:\/\/migracao.redenoticia.com.br\/noticia\/wp-json\/wp\/v2\/posts\/105954","targetHints":{"allow":["GET"]}}],"collection":[{"href":"https:\/\/migracao.redenoticia.com.br\/noticia\/wp-json\/wp\/v2\/posts"}],"about":[{"href":"https:\/\/migracao.redenoticia.com.br\/noticia\/wp-json\/wp\/v2\/types\/post"}],"author":[{"embeddable":true,"href":"https:\/\/migracao.redenoticia.com.br\/noticia\/wp-json\/wp\/v2\/users\/2"}],"replies":[{"embeddable":true,"href":"https:\/\/migracao.redenoticia.com.br\/noticia\/wp-json\/wp\/v2\/comments?post=105954"}],"version-history":[{"count":0,"href":"https:\/\/migracao.redenoticia.com.br\/noticia\/wp-json\/wp\/v2\/posts\/105954\/revisions"}],"wp:featuredmedia":[{"embeddable":true,"href":"https:\/\/migracao.redenoticia.com.br\/noticia\/wp-json\/wp\/v2\/media\/28951"}],"wp:attachment":[{"href":"https:\/\/migracao.redenoticia.com.br\/noticia\/wp-json\/wp\/v2\/media?parent=105954"}],"wp:term":[{"taxonomy":"category","embeddable":true,"href":"https:\/\/migracao.redenoticia.com.br\/noticia\/wp-json\/wp\/v2\/categories?post=105954"},{"taxonomy":"post_tag","embeddable":true,"href":"https:\/\/migracao.redenoticia.com.br\/noticia\/wp-json\/wp\/v2\/tags?post=105954"}],"curies":[{"name":"wp","href":"https:\/\/api.w.org\/{rel}","templated":true}]}}