{"id":105981,"date":"2017-02-02T19:50:20","date_gmt":"2017-02-02T21:50:20","guid":{"rendered":"http:\/\/www.redenoticia.com.br\/noticia\/?p=105981"},"modified":"2017-02-02T21:28:14","modified_gmt":"2017-02-02T23:28:14","slug":"andre-reconstroi-o-quilombo-resumo-novela-a-escrava-isaura-0302","status":"publish","type":"post","link":"https:\/\/migracao.redenoticia.com.br\/noticia\/2017\/andre-reconstroi-o-quilombo-resumo-novela-a-escrava-isaura-0302\/105981","title":{"rendered":"Malvina pensa em vender Rosa: resumo novela \u201cA Escrava Isaura\u201d 03\/02"},"content":{"rendered":"<p> <img loading=\"lazy\" decoding=\"async\" class=\"alignleft size-thumbnail wp-image-103446\" src=\"https:\/\/migracao.redenoticia.com.br\/noticia\/imagens\/a_escrava_isaura_record_novela_resumo-150x112.jpg\" alt=\"\" width=\"150\" height=\"112\" srcset=\"https:\/\/migracao.redenoticia.com.br\/noticia\/imagens\/a_escrava_isaura_record_novela_resumo-150x112.jpg 150w, https:\/\/migracao.redenoticia.com.br\/noticia\/imagens\/a_escrava_isaura_record_novela_resumo-265x198.jpg 265w\" sizes=\"auto, (max-width: 150px) 100vw, 150px\" \/><strong><em>Novela \u201cA Escrava Isaura\u201d resumo 03\/02<\/em><\/strong>: no capitulo 020 (*) da novela \u201cA Escrava Isaura\u201d, sexta-feira, 03 de fevereiro, Miguel vai at\u00e9 a fazenda comprar a liberdade de sua filha, mas n\u00e3o tem \u00eaxito. Tom\u00e1sia quer incendiar a lavoura de caf\u00e9 de Le\u00f4ncio. Almeida promete libertar Isaura no seu retorno. Belchior se lamenta para Violeta. Le\u00f4ncio amea\u00e7a Joaquina. Le\u00f4ncio tenta enforcar Joaquina. Andr\u00e9 reconstr\u00f3i o quilombo. Tom\u00e1sia pensa em se vingar de Le\u00f4ncio. Henrique vai a senzala. Gioconda discute com Tom\u00e1sia. Isaura toca piano. Malvina pensa em vender Rosa. Henrique discute com Le\u00f4ncio. <\/p>\n<p>Belchior fica de porre. Andr\u00e9 beija Moleca. Isaura fala das amea\u00e7as de Le\u00f4ncio para Henrique. Rosa diz que Isaura tem que se entregar a Le\u00f4ncio. Helena espera por Henrique. Malvina n\u00e3o quer Rosa servindo o jantar. Tom\u00e1sia d\u00e1 a alforria a seus escravos. Isaura fica na d\u00favida se vai se encontrar com Le\u00f4ncio no celeiro. Henrique ajuda Jo\u00e3o e Joaquina. Le\u00f4ncio encontra Henrique no celeiro. <\/p>\n<p>Henrique vai at\u00e9 a casa de Helena. Le\u00f4ncio fica com raiva de Isaura. Sebasti\u00e3o desconfia que Gabriel est\u00e1 na sala de sua casa. Rosa se insinua para Le\u00f4ncio. Le\u00f4ncio vai ao quarto de Isaura. Malvina acorda. Miguel est\u00e1 b\u00eabado.<\/p>\n<p>(*) edi\u00e7\u00e3o da Rede Record, Novela \u201cA Escrava Isaura\u201d, sujeito a altera\u00e7\u00e3o de data e conte\u00fado.<\/p>\n","protected":false},"excerpt":{"rendered":"<p>Novela \u201cA Escrava Isaura\u201d resumo 03\/02: no capitulo 020 (*) da novela \u201cA Escrava Isaura\u201d, sexta-feira, 03 de fevereiro, Miguel vai at\u00e9 a fazenda comprar a liberdade de sua filha, mas n\u00e3o tem \u00eaxito. Tom\u00e1sia quer incendiar a lavoura de caf\u00e9 de Le\u00f4ncio. Almeida promete libertar Isaura no seu retorno. Belchior se lamenta para Violeta. [&hellip;]<\/p>\n","protected":false},"author":2,"featured_media":103446,"comment_status":"open","ping_status":"closed","sticky":false,"template":"","format":"standard","meta":{"tdm_status":"","tdm_grid_status":"","footnotes":""},"categories":[379,371,343],"tags":[441],"class_list":{"0":"post-105981","1":"post","2":"type-post","3":"status-publish","4":"format-standard","5":"has-post-thumbnail","7":"category-novelas","8":"category-rede-record","9":"category-televisao","10":"tag-resumo-do-dia"},"_links":{"self":[{"href":"https:\/\/migracao.redenoticia.com.br\/noticia\/wp-json\/wp\/v2\/posts\/105981","targetHints":{"allow":["GET"]}}],"collection":[{"href":"https:\/\/migracao.redenoticia.com.br\/noticia\/wp-json\/wp\/v2\/posts"}],"about":[{"href":"https:\/\/migracao.redenoticia.com.br\/noticia\/wp-json\/wp\/v2\/types\/post"}],"author":[{"embeddable":true,"href":"https:\/\/migracao.redenoticia.com.br\/noticia\/wp-json\/wp\/v2\/users\/2"}],"replies":[{"embeddable":true,"href":"https:\/\/migracao.redenoticia.com.br\/noticia\/wp-json\/wp\/v2\/comments?post=105981"}],"version-history":[{"count":0,"href":"https:\/\/migracao.redenoticia.com.br\/noticia\/wp-json\/wp\/v2\/posts\/105981\/revisions"}],"wp:featuredmedia":[{"embeddable":true,"href":"https:\/\/migracao.redenoticia.com.br\/noticia\/wp-json\/wp\/v2\/media\/103446"}],"wp:attachment":[{"href":"https:\/\/migracao.redenoticia.com.br\/noticia\/wp-json\/wp\/v2\/media?parent=105981"}],"wp:term":[{"taxonomy":"category","embeddable":true,"href":"https:\/\/migracao.redenoticia.com.br\/noticia\/wp-json\/wp\/v2\/categories?post=105981"},{"taxonomy":"post_tag","embeddable":true,"href":"https:\/\/migracao.redenoticia.com.br\/noticia\/wp-json\/wp\/v2\/tags?post=105981"}],"curies":[{"name":"wp","href":"https:\/\/api.w.org\/{rel}","templated":true}]}}