{"id":105987,"date":"2017-02-02T19:01:10","date_gmt":"2017-02-02T21:01:10","guid":{"rendered":"http:\/\/www.redenoticia.com.br\/noticia\/?p=105987"},"modified":"2017-02-01T23:02:27","modified_gmt":"2017-02-02T01:02:27","slug":"novela-ezel-resumo-0302-azad-faz-acordo-com-cengiz","status":"publish","type":"post","link":"https:\/\/migracao.redenoticia.com.br\/noticia\/2017\/novela-ezel-resumo-0302-azad-faz-acordo-com-cengiz\/105987","title":{"rendered":"Novela \u201cEzel\u201d resumo 03\/02: Azad faz acordo com Cengiz"},"content":{"rendered":"<p> <img loading=\"lazy\" decoding=\"async\" class=\"alignleft size-thumbnail wp-image-98061\" src=\"https:\/\/migracao.redenoticia.com.br\/noticia\/imagens\/ezel_novela_band_resumo-150x112.jpg\" alt=\"ezel_novela_band_resumo\" width=\"150\" height=\"112\" srcset=\"https:\/\/migracao.redenoticia.com.br\/noticia\/imagens\/ezel_novela_band_resumo-150x112.jpg 150w, https:\/\/migracao.redenoticia.com.br\/noticia\/imagens\/ezel_novela_band_resumo-265x198.jpg 265w\" sizes=\"auto, (max-width: 150px) 100vw, 150px\" \/><strong><em> Novela \u201cEzel\u201d resumo 03\/02<\/em><\/strong>: no capitulo 077 (*) da novela \u201cEzel\u201d, sexta-feira, 03 de fevereiro, Ramiz pede que Ali espanque Tefo e ele obedece. Bahar vai \u00e0 casa de Ezel e diz que vai fazer o tratamento. Ezel e Bahar se beijam. Azad se encontra com Cengiz no cassino e os dois fazem um acordo. Cengiz oferece uma viagem para Eysan e Yan.<\/p>\n<p>(*) edi\u00e7\u00e3o da Band, Novela \u201cEzel\u201d, sujeito a altera\u00e7\u00e3o de data e conte\u00fado.<\/p>\n<p>Sinopse: a novela conta a hist\u00f3ria de Omer, um rapaz de bom cora\u00e7\u00e3o que foi acusado injustamente, pelo seu melhor amigo Cengiz, de cometer crimes. E mais, sua namorada, Eysan, participa da arma\u00e7\u00e3o. Para ele a trai\u00e7\u00e3o da namorada foi a pior coisa que poderia ter acontecido.<\/p>\n<p>Omer \u00e9 preso. Quatros anos ap\u00f3s a sua pris\u00e3o, acontece um terr\u00edvel inc\u00eandio na penitenci\u00e1ria e o rapaz \u00e9 dado como morto. Com a ajuda de um amigo, ele se submete a v\u00e1rias cirurgias pl\u00e1sticas e muda o rosto, al\u00e9m de adotar uma nova identidade: agora ele \u00e9 Ezel.<\/p>\n","protected":false},"excerpt":{"rendered":"<p>Novela \u201cEzel\u201d resumo 03\/02: no capitulo 077 (*) da novela \u201cEzel\u201d, sexta-feira, 03 de fevereiro, Ramiz pede que Ali espanque Tefo e ele obedece. Bahar vai \u00e0 casa de Ezel e diz que vai fazer o tratamento. Ezel e Bahar se beijam. Azad se encontra com Cengiz no cassino e os dois fazem um acordo. [&hellip;]<\/p>\n","protected":false},"author":2,"featured_media":98061,"comment_status":"open","ping_status":"closed","sticky":false,"template":"","format":"standard","meta":{"tdm_status":"","tdm_grid_status":"","footnotes":""},"categories":[390,379,343],"tags":[441],"class_list":{"0":"post-105987","1":"post","2":"type-post","3":"status-publish","4":"format-standard","5":"has-post-thumbnail","7":"category-band","8":"category-novelas","9":"category-televisao","10":"tag-resumo-do-dia"},"_links":{"self":[{"href":"https:\/\/migracao.redenoticia.com.br\/noticia\/wp-json\/wp\/v2\/posts\/105987","targetHints":{"allow":["GET"]}}],"collection":[{"href":"https:\/\/migracao.redenoticia.com.br\/noticia\/wp-json\/wp\/v2\/posts"}],"about":[{"href":"https:\/\/migracao.redenoticia.com.br\/noticia\/wp-json\/wp\/v2\/types\/post"}],"author":[{"embeddable":true,"href":"https:\/\/migracao.redenoticia.com.br\/noticia\/wp-json\/wp\/v2\/users\/2"}],"replies":[{"embeddable":true,"href":"https:\/\/migracao.redenoticia.com.br\/noticia\/wp-json\/wp\/v2\/comments?post=105987"}],"version-history":[{"count":0,"href":"https:\/\/migracao.redenoticia.com.br\/noticia\/wp-json\/wp\/v2\/posts\/105987\/revisions"}],"wp:featuredmedia":[{"embeddable":true,"href":"https:\/\/migracao.redenoticia.com.br\/noticia\/wp-json\/wp\/v2\/media\/98061"}],"wp:attachment":[{"href":"https:\/\/migracao.redenoticia.com.br\/noticia\/wp-json\/wp\/v2\/media?parent=105987"}],"wp:term":[{"taxonomy":"category","embeddable":true,"href":"https:\/\/migracao.redenoticia.com.br\/noticia\/wp-json\/wp\/v2\/categories?post=105987"},{"taxonomy":"post_tag","embeddable":true,"href":"https:\/\/migracao.redenoticia.com.br\/noticia\/wp-json\/wp\/v2\/tags?post=105987"}],"curies":[{"name":"wp","href":"https:\/\/api.w.org\/{rel}","templated":true}]}}