{"id":106,"date":"2009-04-07T22:00:00","date_gmt":"2009-04-08T01:00:00","guid":{"rendered":"http:\/\/www.redenoticia.com.br\/noticia\/?p=106"},"modified":"2009-04-09T22:42:18","modified_gmt":"2009-04-10T01:42:18","slug":"stephanes-diz-que-preco-de-leite-importado-da-argentina-preocupa-governo","status":"publish","type":"post","link":"https:\/\/migracao.redenoticia.com.br\/noticia\/2009\/stephanes-diz-que-preco-de-leite-importado-da-argentina-preocupa-governo\/106","title":{"rendered":"Stephanes diz que pre\u00e7o de leite importado da Argentina preocupa governo"},"content":{"rendered":"<p style=\"MARGIN: 0cm 0cm 12pt\"><img loading=\"lazy\" decoding=\"async\" class=\"alignleft\" src=\"http:\/\/farm4.static.flickr.com\/3048\/3422123469_e019d09e9d_m.jpg\" alt=\"\" width=\"158\" height=\"240\" \/>O ministro da Agricultura, Reinhold Stephanes, disse hoje (7) que o governo est\u00e1 preocupado com a importa\u00e7\u00e3o de leite da Argentina. Segundo ele, uma \u00fanica empresa \u00e9 respons\u00e1vel por 50% do leite importado do pa\u00eds vizinho, a pre\u00e7os &#8220;baix\u00edssimos&#8221;, e venceu licita\u00e7\u00f5es para fornecimento de leite a v\u00e1rios estados brasileiros.<\/p>\n<p>&#8220;A Argentina est\u00e1 empurrando leite a pre\u00e7os baixos no mercado brasileiro&#8221;, disse Stephanes, para quem o pa\u00eds n\u00e3o pode se tornar um &#8220;dep\u00f3sito do excesso de leite&#8221; do parceiro do Mercosul. Para piorar a situa\u00e7\u00e3o dos produtores, no ano passado o Brasil passou por uma superprodu\u00e7\u00e3o de leite e teve dificuldades para comercializar todo o produto. Durante a reuni\u00e3o conjunta das c\u00e2maras de leite na Organiza\u00e7\u00e3o das Cooperativas Brasileiras (OCB), Stephanes disse que \u00e9 importante manter as importa\u00e7\u00f5es em n\u00edveis que n\u00e3o prejudiquem os produtores brasileiros. &#8220;N\u00e3o somos a favor do protecionismo, mas as exporta\u00e7\u00f5es de um pa\u00eds n\u00e3o podem fugir do padr\u00e3o em per\u00edodo de crise&#8221;, afirmou. Em fevereiro, a Confedera\u00e7\u00e3o da Agricultura e Pecu\u00e1ria do Brasil (CNA) acusou a Argentina de fazer triangula\u00e7\u00e3o do leite subsidiado da Comunidade Europ\u00e9ia, repassando para o Brasil um produto com o pre\u00e7o falso e bastante competitivo. Na ocasi\u00e3o, a entidade disse que a ind\u00fastria de latic\u00ednios no Brasil pagava \u00e0 Argentina R$ 0,41 por litro, enquanto o pre\u00e7o m\u00e9dio pago ao produtor interno era de R$ 0,59. Com essa diferen\u00e7a, as importa\u00e7\u00f5es cresceram 40% no ano passado. Quanto \u00e0 empresa que compra metade do leite que \u00e9 vendido no Brasil, o ministro disse que n\u00e3o h\u00e1 meios legais claros para impedir sua a\u00e7\u00e3o, a n\u00e3o ser uma fiscaliza\u00e7\u00e3o forte dos estados quanto \u00e0 origem dos produtos que est\u00e3o adquirindo por meio de licita\u00e7\u00f5es. Stephanes quer que as importa\u00e7\u00f5es voltem aos n\u00edveis de antes da crise financeira mundial. Danilo Macedo <em>Rep\u00f3rter da Ag\u00eancia Brasil<\/em><\/p>\n<p style=\"MARGIN: 0cm 0cm 0pt\">\u00a0<\/p>\n","protected":false},"excerpt":{"rendered":"<p>O ministro da Agricultura, Reinhold Stephanes, disse hoje (7) que o governo est\u00e1 preocupado com a importa\u00e7\u00e3o de leite da Argentina. Segundo ele, uma \u00fanica empresa \u00e9 respons\u00e1vel por 50% do leite importado do pa\u00eds vizinho, a pre\u00e7os &#8220;baix\u00edssimos&#8221;, e venceu licita\u00e7\u00f5es para fornecimento de leite a v\u00e1rios estados brasileiros. &#8220;A Argentina est\u00e1 empurrando leite [&hellip;]<\/p>\n","protected":false},"author":2,"featured_media":0,"comment_status":"open","ping_status":"open","sticky":false,"template":"","format":"standard","meta":{"tdm_status":"","tdm_grid_status":"","footnotes":""},"categories":[22],"tags":[],"class_list":{"0":"post-106","1":"post","2":"type-post","3":"status-publish","4":"format-standard","6":"category-brasil"},"_links":{"self":[{"href":"https:\/\/migracao.redenoticia.com.br\/noticia\/wp-json\/wp\/v2\/posts\/106","targetHints":{"allow":["GET"]}}],"collection":[{"href":"https:\/\/migracao.redenoticia.com.br\/noticia\/wp-json\/wp\/v2\/posts"}],"about":[{"href":"https:\/\/migracao.redenoticia.com.br\/noticia\/wp-json\/wp\/v2\/types\/post"}],"author":[{"embeddable":true,"href":"https:\/\/migracao.redenoticia.com.br\/noticia\/wp-json\/wp\/v2\/users\/2"}],"replies":[{"embeddable":true,"href":"https:\/\/migracao.redenoticia.com.br\/noticia\/wp-json\/wp\/v2\/comments?post=106"}],"version-history":[{"count":0,"href":"https:\/\/migracao.redenoticia.com.br\/noticia\/wp-json\/wp\/v2\/posts\/106\/revisions"}],"wp:attachment":[{"href":"https:\/\/migracao.redenoticia.com.br\/noticia\/wp-json\/wp\/v2\/media?parent=106"}],"wp:term":[{"taxonomy":"category","embeddable":true,"href":"https:\/\/migracao.redenoticia.com.br\/noticia\/wp-json\/wp\/v2\/categories?post=106"},{"taxonomy":"post_tag","embeddable":true,"href":"https:\/\/migracao.redenoticia.com.br\/noticia\/wp-json\/wp\/v2\/tags?post=106"}],"curies":[{"name":"wp","href":"https:\/\/api.w.org\/{rel}","templated":true}]}}