{"id":106002,"date":"2017-02-03T01:14:12","date_gmt":"2017-02-03T03:14:12","guid":{"rendered":"http:\/\/www.redenoticia.com.br\/noticia\/?p=106002"},"modified":"2017-02-02T19:16:11","modified_gmt":"2017-02-02T21:16:11","slug":"institutos-max-planck-oferecem-oportunidades-de-doutorado-e-pos-doutorado","status":"publish","type":"post","link":"https:\/\/migracao.redenoticia.com.br\/noticia\/2017\/institutos-max-planck-oferecem-oportunidades-de-doutorado-e-pos-doutorado\/106002","title":{"rendered":"Institutos Max Planck oferecem oportunidades de doutorado e p\u00f3s-doutorado"},"content":{"rendered":"<p> Ag\u00eancia FAPESP \u2013 Os Institutos Max Planck oferecem oportunidades de <em><strong>doutorado e p\u00f3s-doutorado<\/strong><\/em> em v\u00e1rias \u00e1reas do conhecimento. Nas \u00e1reas de Biologia e Medicina, h\u00e1 vagas nos Institutos Max Planck de Cibern\u00e9tica Biol\u00f3gica, de Biologia Molecular e Gen\u00e9tica, de Investiga\u00e7\u00e3o de Cultivo de Vegetal, de Bioqu\u00edmica, entre outros.<\/p>\n<p>As vagas nas \u00e1reas de F\u00edsica, Qu\u00edmica e Tecnologia est\u00e3o distribu\u00eddas entre os Institutos Max Planck de Sistemas Inteligentes, de Investiga\u00e7\u00e3o de Sistema Solar, de Qu\u00edmica Biof\u00edsica, entre outros.<\/p>\n<p>Na \u00e1rea de Humanidades e Ci\u00eancias Sociais, as oportunidades est\u00e3o vinculadas aos Institutos Max Planck de Ci\u00eancia Humanas Cognitivas e Cerebrais e de Direito e Pol\u00edtica Social.<\/p>\n<p>Para mais informa\u00e7\u00f5es e inscri\u00e7\u00f5es acesse  ou a p\u00e1gina do Instituto no Facebook .<\/p>\n<p>Outras informa\u00e7\u00f5es podem ser obtidas por e-mail no endere\u00e7o latam@gv.mpg.de.<\/p>\n","protected":false},"excerpt":{"rendered":"<p>Ag\u00eancia FAPESP \u2013 Os Institutos Max Planck oferecem oportunidades de doutorado e p\u00f3s-doutorado em v\u00e1rias \u00e1reas do conhecimento. Nas \u00e1reas de Biologia e Medicina, h\u00e1 vagas nos Institutos Max Planck de Cibern\u00e9tica Biol\u00f3gica, de Biologia Molecular e Gen\u00e9tica, de Investiga\u00e7\u00e3o de Cultivo de Vegetal, de Bioqu\u00edmica, entre outros. As vagas nas \u00e1reas de F\u00edsica, Qu\u00edmica [&hellip;]<\/p>\n","protected":false},"author":2,"featured_media":28951,"comment_status":"open","ping_status":"closed","sticky":false,"template":"","format":"standard","meta":{"tdm_status":"","tdm_grid_status":"","footnotes":""},"categories":[22,370,353],"tags":[],"class_list":{"0":"post-106002","1":"post","2":"type-post","3":"status-publish","4":"format-standard","5":"has-post-thumbnail","7":"category-brasil","8":"category-inscricao","9":"category-oportunidades"},"_links":{"self":[{"href":"https:\/\/migracao.redenoticia.com.br\/noticia\/wp-json\/wp\/v2\/posts\/106002","targetHints":{"allow":["GET"]}}],"collection":[{"href":"https:\/\/migracao.redenoticia.com.br\/noticia\/wp-json\/wp\/v2\/posts"}],"about":[{"href":"https:\/\/migracao.redenoticia.com.br\/noticia\/wp-json\/wp\/v2\/types\/post"}],"author":[{"embeddable":true,"href":"https:\/\/migracao.redenoticia.com.br\/noticia\/wp-json\/wp\/v2\/users\/2"}],"replies":[{"embeddable":true,"href":"https:\/\/migracao.redenoticia.com.br\/noticia\/wp-json\/wp\/v2\/comments?post=106002"}],"version-history":[{"count":0,"href":"https:\/\/migracao.redenoticia.com.br\/noticia\/wp-json\/wp\/v2\/posts\/106002\/revisions"}],"wp:featuredmedia":[{"embeddable":true,"href":"https:\/\/migracao.redenoticia.com.br\/noticia\/wp-json\/wp\/v2\/media\/28951"}],"wp:attachment":[{"href":"https:\/\/migracao.redenoticia.com.br\/noticia\/wp-json\/wp\/v2\/media?parent=106002"}],"wp:term":[{"taxonomy":"category","embeddable":true,"href":"https:\/\/migracao.redenoticia.com.br\/noticia\/wp-json\/wp\/v2\/categories?post=106002"},{"taxonomy":"post_tag","embeddable":true,"href":"https:\/\/migracao.redenoticia.com.br\/noticia\/wp-json\/wp\/v2\/tags?post=106002"}],"curies":[{"name":"wp","href":"https:\/\/api.w.org\/{rel}","templated":true}]}}