{"id":106025,"date":"2017-02-03T01:21:06","date_gmt":"2017-02-03T03:21:06","guid":{"rendered":"http:\/\/www.redenoticia.com.br\/noticia\/?p=106025"},"modified":"2017-02-02T19:22:14","modified_gmt":"2017-02-02T21:22:14","slug":"oms-diz-que-antes-de-2020-nao-sera-licenciada-vacina-segura-contra-o-virus-zika","status":"publish","type":"post","link":"https:\/\/migracao.redenoticia.com.br\/noticia\/2017\/oms-diz-que-antes-de-2020-nao-sera-licenciada-vacina-segura-contra-o-virus-zika\/106025","title":{"rendered":"OMS diz que antes de 2020 n\u00e3o ser\u00e1 licenciada vacina segura contra o v\u00edrus Zika"},"content":{"rendered":"<p> Um ano depois da declara\u00e7\u00e3o de emerg\u00eancia internacional sobre o <strong><em>Zika<\/em><\/strong>, a diretora-geral da Organiza\u00e7\u00e3o Mundial da Sa\u00fade (OMS), Margaret Chan, afirmou que, em grande parte do mundo o v\u00edrus est\u00e1 \u201cfirmemente entrincheirado\u201d, apesar de existirem \u201cincertezas\u201d relacionadas \u00e0 doen\u00e7a. Ao fazer um bala\u00e7o das a\u00e7\u00f5es para combater o v\u00edrus, adotadas nos \u00faltimos 12 meses, Chan estimou que antes de 2020 n\u00e3o ser\u00e1 licenciada uma vacina segura contra o Zika.<\/p>\n<p>\u201cDe acordo com as recomenda\u00e7\u00f5es da OMS, algumas abordagens inovadoras para o controle dos mosquitos est\u00e3o sendo experimentadas de maneira piloto em v\u00e1rios pa\u00edses, com resultados promissores. Cerca de 40 vacinas est\u00e3o em prepara\u00e7\u00e3o. Enquanto alguns avan\u00e7aram para ensaios cl\u00ednicos, uma vacina julgada segura o suficiente para uso em mulheres em idade f\u00e9rtil pode n\u00e3o ser totalmente licenciada antes de 2020\u201d, disse Chan em evento realizado em Genebra, na Su\u00ed\u00e7a.<\/p>\n<p>A diretora-geral da OMS lembrou que o surto da doen\u00e7a revelou falhas nos servi\u00e7os de planejamento familiar e o desmantelamento de programas nacionais de controle de mosquitos. Segundo Chan, passada a fase mais aguda do problema, os pa\u00edses precisam tratar do Zika de forma continuada e em longo prazo.<\/p>\n<p>\u201cA OMS e os pa\u00edses afetados precisam manejar o Zika n\u00e3o em uma situa\u00e7\u00e3o de emerg\u00eancia, mas da mesma forma continuada com que respondemos a outros pat\u00f3genos propensos a epidemias, como dengue e chikungunya, que vem e v\u00e3o em ondas recorrentes de infec\u00e7\u00e3o\u201d, alertou. Para isso, de acordo com ela, a OMS vai criar um \u201cmecanismo interorganizacional\u201d para fornecer orienta\u00e7\u00f5es continuadas a interven\u00e7\u00f5es eficazes e apoio \u00e0s fam\u00edlias nos pa\u00edses com circula\u00e7\u00e3o do v\u00edrus.<\/p>\n<p>Para Margaret Chan, a declara\u00e7\u00e3o de emerg\u00eancia internacional estimulou uma resposta intensa e coordenada e atraiu financiamento necess\u00e1rio para desenvolvimento de pesquisas. Ela lembrou que os estudos desenvolvidos por cientistas conseguiram provar que a infec\u00e7\u00e3o pelo Zika causa microcefalia e desencadeia a S\u00edndrome de Guillain-Barr\u00e9.<\/p>\n<p>Mesmo assim, a diretora-geral da OMS fez um alerta de que a propaga\u00e7\u00e3o internacional do v\u00edrus se manteve, apesar da melhoria dos sistemas de vigil\u00e2ncia. \u201cCerca de 70 pa\u00edses e territ\u00f3rios das Am\u00e9ricas, da \u00c1frica, \u00c1sia e do Pac\u00edfico Ocidental t\u00eam relatado casos desde 2015. As consequ\u00eancias documentadas para rec\u00e9m-nascidos t\u00eam crescido para uma longa lista de dist\u00farbios conhecida como \u201cS\u00edndrome Cong\u00eanita do V\u00edrus Zika\u201d. Sabemos que o v\u00edrus pode ser transmitido por rela\u00e7\u00f5es sexuais, acrescentando mais recomenda\u00e7\u00f5es preventivas para as mulheres em idade f\u00e9rtil\u201d, disse.<\/p>\n<p>Ivan Richard &#8211; Rep\u00f3rter da Ag\u00eancia Brasil<br \/>\nEdi\u00e7\u00e3o: Gra\u00e7a Adjuto<br \/>\n03\/02\/2017<\/p>\n","protected":false},"excerpt":{"rendered":"<p>Um ano depois da declara\u00e7\u00e3o de emerg\u00eancia internacional sobre o Zika, a diretora-geral da Organiza\u00e7\u00e3o Mundial da Sa\u00fade (OMS), Margaret Chan, afirmou que, em grande parte do mundo o v\u00edrus est\u00e1 \u201cfirmemente entrincheirado\u201d, apesar de existirem \u201cincertezas\u201d relacionadas \u00e0 doen\u00e7a. Ao fazer um bala\u00e7o das a\u00e7\u00f5es para combater o v\u00edrus, adotadas nos \u00faltimos 12 meses, [&hellip;]<\/p>\n","protected":false},"author":2,"featured_media":34747,"comment_status":"open","ping_status":"closed","sticky":false,"template":"","format":"standard","meta":{"tdm_status":"","tdm_grid_status":"","footnotes":""},"categories":[22,5],"tags":[],"class_list":{"0":"post-106025","1":"post","2":"type-post","3":"status-publish","4":"format-standard","5":"has-post-thumbnail","7":"category-brasil","8":"category-saude-e-vida"},"_links":{"self":[{"href":"https:\/\/migracao.redenoticia.com.br\/noticia\/wp-json\/wp\/v2\/posts\/106025","targetHints":{"allow":["GET"]}}],"collection":[{"href":"https:\/\/migracao.redenoticia.com.br\/noticia\/wp-json\/wp\/v2\/posts"}],"about":[{"href":"https:\/\/migracao.redenoticia.com.br\/noticia\/wp-json\/wp\/v2\/types\/post"}],"author":[{"embeddable":true,"href":"https:\/\/migracao.redenoticia.com.br\/noticia\/wp-json\/wp\/v2\/users\/2"}],"replies":[{"embeddable":true,"href":"https:\/\/migracao.redenoticia.com.br\/noticia\/wp-json\/wp\/v2\/comments?post=106025"}],"version-history":[{"count":0,"href":"https:\/\/migracao.redenoticia.com.br\/noticia\/wp-json\/wp\/v2\/posts\/106025\/revisions"}],"wp:featuredmedia":[{"embeddable":true,"href":"https:\/\/migracao.redenoticia.com.br\/noticia\/wp-json\/wp\/v2\/media\/34747"}],"wp:attachment":[{"href":"https:\/\/migracao.redenoticia.com.br\/noticia\/wp-json\/wp\/v2\/media?parent=106025"}],"wp:term":[{"taxonomy":"category","embeddable":true,"href":"https:\/\/migracao.redenoticia.com.br\/noticia\/wp-json\/wp\/v2\/categories?post=106025"},{"taxonomy":"post_tag","embeddable":true,"href":"https:\/\/migracao.redenoticia.com.br\/noticia\/wp-json\/wp\/v2\/tags?post=106025"}],"curies":[{"name":"wp","href":"https:\/\/api.w.org\/{rel}","templated":true}]}}