{"id":106027,"date":"2017-02-03T01:22:19","date_gmt":"2017-02-03T03:22:19","guid":{"rendered":"http:\/\/www.redenoticia.com.br\/noticia\/?p=106027"},"modified":"2017-02-02T19:23:14","modified_gmt":"2017-02-02T21:23:14","slug":"febre-amarela-sao-paulo-registra-tres-casos-e-seis-mortes","status":"publish","type":"post","link":"https:\/\/migracao.redenoticia.com.br\/noticia\/2017\/febre-amarela-sao-paulo-registra-tres-casos-e-seis-mortes\/106027","title":{"rendered":"Febre amarela: S\u00e3o Paulo registra tr\u00eas casos e seis mortes"},"content":{"rendered":"<p> O estado de S\u00e3o Paulo registrou tr\u00eas pacientes com diagn\u00f3stico confirmado para <strong><em>febre amarela<\/em><\/strong>, um em Ubatuba, no litoral paulista, e dois em Diadema, na Grande S\u00e3o Paulo. Al\u00e9m desses casos, seis pessoas morreram por causa da doen\u00e7a nas cidades de Assis, Bauru, Botucatu, S\u00e3o Jos\u00e9 do Rio Preto, Batatais e Am\u00e9rico Brasiliense.<\/p>\n<p>O \u00faltimo balan\u00e7o da Secretaria Estadual de Sa\u00fade cita duas mortes de casos aut\u00f3ctones nos munic\u00edpios de Batatais e Am\u00e9rico Brasiliense. Os outros quatro casos de morte s\u00e3o importados, ou seja, as infec\u00e7\u00f5es ocorreram fora do estado, todos em Minas Gerais.<\/p>\n<p>Os dois pacientes de Diadema, um menino de 11 anos e um homem de 60 anos, contra\u00edram febre amarela em viagem a Minas Gerais. Segundo a prefeitura, os dois pacientes est\u00e3o curados e receberam alta m\u00e9dica.<\/p>\n<p>Em Ubatuba, um adolescente de 16 anos contraiu a doen\u00e7a ao viajar para Ladainha, Minas Gerais. Ele foi para o munic\u00edpio mineiro no dia 2 de janeiro e retornou a Ubatuba no dia 9, sendo internado dias depois. O adolescente recebeu alta no \u00faltimo dia 20 e passa bem.<\/p>\n<p>A cidade de Ubatuba ainda investiga o caso de um homem de 40 anos, que esteve em Setubinha, Minas Gerais, e n\u00e3o chegou a ficar hospitalizado. Ele aguarda o resultado do exame.<\/p>\n<p>Segundo a prefeitura, o estoque de vacinas nas regi\u00f5es da Figueira, Sumar\u00e9 e Taquaral esgotou. A previs\u00e3o \u00e9 que o atendimento volte ao normal na pr\u00f3xima semana, com a chegada de nova remessa de 7 mil doses.<\/p>\n<p>Fernanda Cruz \u2013 Rep\u00f3rter da Ag\u00eancia Brasil<br \/>\nEdi\u00e7\u00e3o: L\u00edlian Beraldo<br \/>\n03\/02\/2017<\/p>\n","protected":false},"excerpt":{"rendered":"<p>O estado de S\u00e3o Paulo registrou tr\u00eas pacientes com diagn\u00f3stico confirmado para febre amarela, um em Ubatuba, no litoral paulista, e dois em Diadema, na Grande S\u00e3o Paulo. Al\u00e9m desses casos, seis pessoas morreram por causa da doen\u00e7a nas cidades de Assis, Bauru, Botucatu, S\u00e3o Jos\u00e9 do Rio Preto, Batatais e Am\u00e9rico Brasiliense. O \u00faltimo [&hellip;]<\/p>\n","protected":false},"author":2,"featured_media":37376,"comment_status":"open","ping_status":"closed","sticky":false,"template":"","format":"standard","meta":{"tdm_status":"","tdm_grid_status":"","footnotes":""},"categories":[22,5],"tags":[],"class_list":{"0":"post-106027","1":"post","2":"type-post","3":"status-publish","4":"format-standard","5":"has-post-thumbnail","7":"category-brasil","8":"category-saude-e-vida"},"_links":{"self":[{"href":"https:\/\/migracao.redenoticia.com.br\/noticia\/wp-json\/wp\/v2\/posts\/106027","targetHints":{"allow":["GET"]}}],"collection":[{"href":"https:\/\/migracao.redenoticia.com.br\/noticia\/wp-json\/wp\/v2\/posts"}],"about":[{"href":"https:\/\/migracao.redenoticia.com.br\/noticia\/wp-json\/wp\/v2\/types\/post"}],"author":[{"embeddable":true,"href":"https:\/\/migracao.redenoticia.com.br\/noticia\/wp-json\/wp\/v2\/users\/2"}],"replies":[{"embeddable":true,"href":"https:\/\/migracao.redenoticia.com.br\/noticia\/wp-json\/wp\/v2\/comments?post=106027"}],"version-history":[{"count":0,"href":"https:\/\/migracao.redenoticia.com.br\/noticia\/wp-json\/wp\/v2\/posts\/106027\/revisions"}],"wp:featuredmedia":[{"embeddable":true,"href":"https:\/\/migracao.redenoticia.com.br\/noticia\/wp-json\/wp\/v2\/media\/37376"}],"wp:attachment":[{"href":"https:\/\/migracao.redenoticia.com.br\/noticia\/wp-json\/wp\/v2\/media?parent=106027"}],"wp:term":[{"taxonomy":"category","embeddable":true,"href":"https:\/\/migracao.redenoticia.com.br\/noticia\/wp-json\/wp\/v2\/categories?post=106027"},{"taxonomy":"post_tag","embeddable":true,"href":"https:\/\/migracao.redenoticia.com.br\/noticia\/wp-json\/wp\/v2\/tags?post=106027"}],"curies":[{"name":"wp","href":"https:\/\/api.w.org\/{rel}","templated":true}]}}