{"id":106063,"date":"2017-02-02T17:19:30","date_gmt":"2017-02-02T19:19:30","guid":{"rendered":"http:\/\/www.redenoticia.com.br\/noticia\/?p=106063"},"modified":"2017-02-02T21:20:12","modified_gmt":"2017-02-02T23:20:12","slug":"novela-cheias-de-charme-resumo-0302-isadora-pega-a-senha-do-cartao-de-cida","status":"publish","type":"post","link":"https:\/\/migracao.redenoticia.com.br\/noticia\/2017\/novela-cheias-de-charme-resumo-0302-isadora-pega-a-senha-do-cartao-de-cida\/106063","title":{"rendered":"Novela \u201cCheias de Charme\u201d resumo 03\/02: Isadora pega a senha do cart\u00e3o de Cida"},"content":{"rendered":"<p> <img loading=\"lazy\" decoding=\"async\" class=\"alignleft size-thumbnail wp-image-95548\" src=\"https:\/\/migracao.redenoticia.com.br\/noticia\/imagens\/cheias-de-charme-novela-globo-internacional-resumo-proximo-capitulo-150x112.jpg\" alt=\"cheias-de-charme-novela-globo-internacional-resumo-proximo-capitulo\" width=\"150\" height=\"112\" \/><strong><em>Novela \u201cCheias de Charme\u201d resumo 03\/02<\/em><\/strong>:<br \/>\n. Novela \u201cCheias de Charme\u201d resumo 03\/02: Cida reclama da insist\u00eancia de Conrado em querer encontrar-se com ela, mas cede. Os dois se beijam e Isadora v\u00ea. Depois, Conrado confessa para toda a fam\u00edlia que sempre foi apaixonado por Cida e que decidiu se separar de Isadora. Conrado leva M\u00e1slova para a pens\u00e3o do Borralho enquanto Cida pensa no rapaz. Como vingan\u00e7a, Isadora pega a senha do cart\u00e3o de cr\u00e9dito de Cida.<\/p>\n<p>No cap\u00edtulo 100(*), novela \u201cCheias de Charme\u201d, sexta-feira, 03 de fevereiro \u2013 Fabian e In\u00e1cio afirmam um para o outro que n\u00e3o s\u00e3o parecidos. Cida conversa com Conrado. Penha confirma para Lygia que Alejandro deu em cima dela. Elano admira Stela. Fabian insiste para que In\u00e1cio ensaie antes de se passar por ele. <\/p>\n<p>Chayene pensa em estragar o novo clipe das Empreguetes. Isadora v\u00ea Conrado e Cida se beijando. Socorro consegue enganar Ros\u00e1rio. Conrado confessa, para toda a fam\u00edlia que sempre foi apaixonado por Cida e decide se separar de Isadora. Dinha desconfia de In\u00e1cio. <\/p>\n<p>Conrado leva M\u00e1slova para a pens\u00e3o do Borralho. Lygia conta para Manuela que vai se separar de Alejandro. Cida pensa em Conrado. Otto convida Penha para ir com ele ao show de Alcione. Isadora pega a senha do cart\u00e3o de cr\u00e9dito de Cida. Conrado implora para que Cida fique com ele.<\/p>\n<p>(*) edi\u00e7\u00e3o da Rede Globo, Novela \u201cCheias de Charme\u201d, sujeito a altera\u00e7\u00e3o de data e conte\u00fado.<\/p>\n","protected":false},"excerpt":{"rendered":"<p>Novela \u201cCheias de Charme\u201d resumo 03\/02: . Novela \u201cCheias de Charme\u201d resumo 03\/02: Cida reclama da insist\u00eancia de Conrado em querer encontrar-se com ela, mas cede. Os dois se beijam e Isadora v\u00ea. Depois, Conrado confessa para toda a fam\u00edlia que sempre foi apaixonado por Cida e que decidiu se separar de Isadora. Conrado leva [&hellip;]<\/p>\n","protected":false},"author":2,"featured_media":95548,"comment_status":"open","ping_status":"closed","sticky":false,"template":"","format":"standard","meta":{"tdm_status":"","tdm_grid_status":"","footnotes":""},"categories":[379,375,343],"tags":[441],"class_list":{"0":"post-106063","1":"post","2":"type-post","3":"status-publish","4":"format-standard","5":"has-post-thumbnail","7":"category-novelas","8":"category-rede-globo","9":"category-televisao","10":"tag-resumo-do-dia"},"_links":{"self":[{"href":"https:\/\/migracao.redenoticia.com.br\/noticia\/wp-json\/wp\/v2\/posts\/106063","targetHints":{"allow":["GET"]}}],"collection":[{"href":"https:\/\/migracao.redenoticia.com.br\/noticia\/wp-json\/wp\/v2\/posts"}],"about":[{"href":"https:\/\/migracao.redenoticia.com.br\/noticia\/wp-json\/wp\/v2\/types\/post"}],"author":[{"embeddable":true,"href":"https:\/\/migracao.redenoticia.com.br\/noticia\/wp-json\/wp\/v2\/users\/2"}],"replies":[{"embeddable":true,"href":"https:\/\/migracao.redenoticia.com.br\/noticia\/wp-json\/wp\/v2\/comments?post=106063"}],"version-history":[{"count":0,"href":"https:\/\/migracao.redenoticia.com.br\/noticia\/wp-json\/wp\/v2\/posts\/106063\/revisions"}],"wp:featuredmedia":[{"embeddable":true,"href":"https:\/\/migracao.redenoticia.com.br\/noticia\/wp-json\/wp\/v2\/media\/95548"}],"wp:attachment":[{"href":"https:\/\/migracao.redenoticia.com.br\/noticia\/wp-json\/wp\/v2\/media?parent=106063"}],"wp:term":[{"taxonomy":"category","embeddable":true,"href":"https:\/\/migracao.redenoticia.com.br\/noticia\/wp-json\/wp\/v2\/categories?post=106063"},{"taxonomy":"post_tag","embeddable":true,"href":"https:\/\/migracao.redenoticia.com.br\/noticia\/wp-json\/wp\/v2\/tags?post=106063"}],"curies":[{"name":"wp","href":"https:\/\/api.w.org\/{rel}","templated":true}]}}