{"id":106075,"date":"2017-02-05T23:45:29","date_gmt":"2017-02-06T01:45:29","guid":{"rendered":"http:\/\/www.redenoticia.com.br\/noticia\/?p=106075"},"modified":"2018-08-13T10:39:43","modified_gmt":"2018-08-13T13:39:43","slug":"bbb-17-enquete-quem-emilly-deve-indicar-para-o-paredao","status":"publish","type":"post","link":"https:\/\/migracao.redenoticia.com.br\/noticia\/2017\/bbb-17-enquete-quem-emilly-deve-indicar-para-o-paredao\/106075","title":{"rendered":"\u201cBBB\u201d 17 enquete: quem Emilly deve indicar para o pared\u00e3o"},"content":{"rendered":"<p><img loading=\"lazy\" decoding=\"async\" class=\"alignleft size-thumbnail wp-image-64480\" src=\"https:\/\/migracao.redenoticia.com.br\/noticia\/imagens\/bbb_votacao_enquete_paredao_prova-150x112.jpg\" alt=\"\" width=\"150\" height=\"112\" srcset=\"https:\/\/migracao.redenoticia.com.br\/noticia\/imagens\/bbb_votacao_enquete_paredao_prova-150x112.jpg 150w, https:\/\/migracao.redenoticia.com.br\/noticia\/imagens\/bbb_votacao_enquete_paredao_prova-265x198.jpg 265w\" sizes=\"auto, (max-width: 150px) 100vw, 150px\" \/><strong><em>&#8220;BBB&#8221; 17 enquete<\/em><\/strong>\u00a0(Prova do L\u00edder 02\/02): Tiago comunicou a aus\u00eancia de vetos e mandou todos os Brothers para o campo de provas. Ele explicou as regras da Prova do L\u00edder e deu in\u00edcio \u00e0 disputa. Luiz Felipe, Ieda, Roberta e Daniel desistiram da prova, respectivamente. Ap\u00f3s oito horas, 10 brothers seguiam na disputa: Vivian, Manoel, Mayara, Marcos, Ilmar, R\u00f4mulo, Elis, Pedro, Emilly e Marinalva. Ap\u00f3s 19 horas de resist\u00eancia, R\u00f4mulo desistiu. Emilly ficou mais tempo em p\u00e9, espremida dentro de um cercado, e ganhou a Prova do L\u00edder. Participe da enquete sobre a indica\u00e7\u00e3o do l\u00edder para o pared\u00e3o.<\/p>\n<p>Enquete: Quem Emilly deve indicar para o pared\u00e3o?<\/p>\n<p><script type=\"text\/javascript\" charset=\"utf-8\" src=\"http:\/\/static.polldaddy.com\/p\/9655924.js\"><\/script><br \/>\n<noscript><\/noscript><\/p>\n<p>Em 05\/02, Emilly indicou a Vivian para o pared\u00e3o.<\/p>\n<p>Not\u00edcias relacionadas<\/p>\n<p>Concorrentes: Vivian Amorim, R\u00f4mulo Neves, Roberta Diniz, Pedro Falc\u00e3o, Manoel, Mayara Rodrigues, Marinalva Almeida, Marcos Harter, Luiz Felipe, Ilmar Fonseca, Ieda, Emilly, Elis Nair, Daniel Fontes.<\/p>\n<p>Fonte e imagem &#8220;BBB&#8221; 17 Rede Globo<\/p>\n","protected":false},"excerpt":{"rendered":"<p>&#8220;BBB&#8221; 17 enquete\u00a0(Prova do L\u00edder 02\/02): Tiago comunicou a aus\u00eancia de vetos e mandou todos os Brothers para o campo de provas. Ele explicou as regras da Prova do L\u00edder e deu in\u00edcio \u00e0 disputa. Luiz Felipe, Ieda, Roberta e Daniel desistiram da prova, respectivamente. Ap\u00f3s oito horas, 10 brothers seguiam na disputa: Vivian, Manoel, [&hellip;]<\/p>\n","protected":false},"author":2,"featured_media":64480,"comment_status":"open","ping_status":"closed","sticky":false,"template":"","format":"standard","meta":{"tdm_status":"","tdm_grid_status":"","footnotes":""},"categories":[520,375,343],"tags":[],"class_list":{"0":"post-106075","1":"post","2":"type-post","3":"status-publish","4":"format-standard","5":"has-post-thumbnail","7":"category-big-brother-brasil","8":"category-rede-globo","9":"category-televisao"},"_links":{"self":[{"href":"https:\/\/migracao.redenoticia.com.br\/noticia\/wp-json\/wp\/v2\/posts\/106075","targetHints":{"allow":["GET"]}}],"collection":[{"href":"https:\/\/migracao.redenoticia.com.br\/noticia\/wp-json\/wp\/v2\/posts"}],"about":[{"href":"https:\/\/migracao.redenoticia.com.br\/noticia\/wp-json\/wp\/v2\/types\/post"}],"author":[{"embeddable":true,"href":"https:\/\/migracao.redenoticia.com.br\/noticia\/wp-json\/wp\/v2\/users\/2"}],"replies":[{"embeddable":true,"href":"https:\/\/migracao.redenoticia.com.br\/noticia\/wp-json\/wp\/v2\/comments?post=106075"}],"version-history":[{"count":0,"href":"https:\/\/migracao.redenoticia.com.br\/noticia\/wp-json\/wp\/v2\/posts\/106075\/revisions"}],"wp:featuredmedia":[{"embeddable":true,"href":"https:\/\/migracao.redenoticia.com.br\/noticia\/wp-json\/wp\/v2\/media\/64480"}],"wp:attachment":[{"href":"https:\/\/migracao.redenoticia.com.br\/noticia\/wp-json\/wp\/v2\/media?parent=106075"}],"wp:term":[{"taxonomy":"category","embeddable":true,"href":"https:\/\/migracao.redenoticia.com.br\/noticia\/wp-json\/wp\/v2\/categories?post=106075"},{"taxonomy":"post_tag","embeddable":true,"href":"https:\/\/migracao.redenoticia.com.br\/noticia\/wp-json\/wp\/v2\/tags?post=106075"}],"curies":[{"name":"wp","href":"https:\/\/api.w.org\/{rel}","templated":true}]}}