{"id":106138,"date":"2017-02-04T18:37:33","date_gmt":"2017-02-04T20:37:33","guid":{"rendered":"http:\/\/www.redenoticia.com.br\/noticia\/?p=106138"},"modified":"2017-02-04T20:38:32","modified_gmt":"2017-02-04T22:38:32","slug":"resumo-novela-sol-nascente-0602-alice-e-presa-pelo-assassinato-de-joao-amaro","status":"publish","type":"post","link":"https:\/\/migracao.redenoticia.com.br\/noticia\/2017\/resumo-novela-sol-nascente-0602-alice-e-presa-pelo-assassinato-de-joao-amaro\/106138","title":{"rendered":"Resumo novela \u201cSol Nascente\u201d 06\/02: Alice \u00e9 presa pelo assassinato de Jo\u00e3o Amaro"},"content":{"rendered":"<p> <img loading=\"lazy\" decoding=\"async\" class=\"alignleft size-thumbnail wp-image-91714\" src=\"https:\/\/migracao.redenoticia.com.br\/noticia\/imagens\/sol_nascente_resumo_novela_globo-150x112.jpg\" alt=\"sol_nascente_resumo_novela_globo\" width=\"150\" height=\"112\" srcset=\"https:\/\/migracao.redenoticia.com.br\/noticia\/imagens\/sol_nascente_resumo_novela_globo-150x112.jpg 150w, https:\/\/migracao.redenoticia.com.br\/noticia\/imagens\/sol_nascente_resumo_novela_globo-265x198.jpg 265w\" sizes=\"auto, (max-width: 150px) 100vw, 150px\" \/><strong><em>Novela \u201cSol Nascente\u201d resumo 06\/02<\/em><\/strong>: ap\u00f3s matar o seu comparsa, C\u00e9sar se desespera. O rapaz volta para casa e n\u00e3o conta a sua av\u00f3 sobre o crime. Ela s\u00f3 sabe do ocorrido ao receber a not\u00edcia da pol\u00edcia, pois Mesquita encontra o corpo de Jo\u00e3o Amaro e avisa a Louzada. Sinh\u00e1 flagra Cesar com a arma do crime e fica muito abalada ao saber que ele matou Jo\u00e3o Amaro por ci\u00fame. Mas, ela passa por cima do luto para inocent\u00e1-lo. Com a ajuda de Mocinha, Sinh\u00e1 esconde a arma que matou Jo\u00e3o Amaro na casa de Alice. Assim, ela faz com que Alice v\u00e1 presa pelo assassinato de Jo\u00e3o Amaro. <\/p>\n<p>No cap\u00edtulo 138(*), novela \u201cSol Nascente\u201d, segunda-feira, 06 de fevereiro \u2013 Cesar se desespera por ter atirado em Jo\u00e3o Amaro. Alice v\u00ea na internet not\u00edcias sobre as acusa\u00e7\u00f5es contra ela. Mesquita encontra o corpo de Jo\u00e3o Amaro e avisa a Louzada. Sinh\u00e1 fica abalada com a morte de seu afilhado. <\/p>\n<p>Carolina se arrepende de ter enganado Mario. Sinh\u00e1 flagra Cesar com a arma do crime. Mesquita comenta com Louzada que n\u00e3o acredita que Alice tenha cometido algum crime. <\/p>\n<p>Sinh\u00e1 esconde a arma que matou Jo\u00e3o Amaro na casa de Alice. Louzada encontra o cassino na fazenda Mato Alto, e Mesquita desconfia das acusa\u00e7\u00f5es. Alice \u00e9 presa pelo assassinato de Jo\u00e3o Amaro.<\/p>\n<p>(*) edi\u00e7\u00e3o da Rede Globo, Novela \u201cSol Nascente\u201d, sujeito a altera\u00e7\u00e3o de data e conte\u00fado.<\/p>\n","protected":false},"excerpt":{"rendered":"<p>Novela \u201cSol Nascente\u201d resumo 06\/02: ap\u00f3s matar o seu comparsa, C\u00e9sar se desespera. O rapaz volta para casa e n\u00e3o conta a sua av\u00f3 sobre o crime. Ela s\u00f3 sabe do ocorrido ao receber a not\u00edcia da pol\u00edcia, pois Mesquita encontra o corpo de Jo\u00e3o Amaro e avisa a Louzada. Sinh\u00e1 flagra Cesar com a [&hellip;]<\/p>\n","protected":false},"author":2,"featured_media":93944,"comment_status":"open","ping_status":"closed","sticky":false,"template":"","format":"standard","meta":{"tdm_status":"","tdm_grid_status":"","footnotes":""},"categories":[379,375,343],"tags":[441],"class_list":{"0":"post-106138","1":"post","2":"type-post","3":"status-publish","4":"format-standard","5":"has-post-thumbnail","7":"category-novelas","8":"category-rede-globo","9":"category-televisao","10":"tag-resumo-do-dia"},"_links":{"self":[{"href":"https:\/\/migracao.redenoticia.com.br\/noticia\/wp-json\/wp\/v2\/posts\/106138","targetHints":{"allow":["GET"]}}],"collection":[{"href":"https:\/\/migracao.redenoticia.com.br\/noticia\/wp-json\/wp\/v2\/posts"}],"about":[{"href":"https:\/\/migracao.redenoticia.com.br\/noticia\/wp-json\/wp\/v2\/types\/post"}],"author":[{"embeddable":true,"href":"https:\/\/migracao.redenoticia.com.br\/noticia\/wp-json\/wp\/v2\/users\/2"}],"replies":[{"embeddable":true,"href":"https:\/\/migracao.redenoticia.com.br\/noticia\/wp-json\/wp\/v2\/comments?post=106138"}],"version-history":[{"count":0,"href":"https:\/\/migracao.redenoticia.com.br\/noticia\/wp-json\/wp\/v2\/posts\/106138\/revisions"}],"wp:featuredmedia":[{"embeddable":true,"href":"https:\/\/migracao.redenoticia.com.br\/noticia\/wp-json\/wp\/v2\/media\/93944"}],"wp:attachment":[{"href":"https:\/\/migracao.redenoticia.com.br\/noticia\/wp-json\/wp\/v2\/media?parent=106138"}],"wp:term":[{"taxonomy":"category","embeddable":true,"href":"https:\/\/migracao.redenoticia.com.br\/noticia\/wp-json\/wp\/v2\/categories?post=106138"},{"taxonomy":"post_tag","embeddable":true,"href":"https:\/\/migracao.redenoticia.com.br\/noticia\/wp-json\/wp\/v2\/tags?post=106138"}],"curies":[{"name":"wp","href":"https:\/\/api.w.org\/{rel}","templated":true}]}}