{"id":106140,"date":"2017-02-04T20:18:47","date_gmt":"2017-02-04T22:18:47","guid":{"rendered":"http:\/\/www.redenoticia.com.br\/noticia\/?p=106140"},"modified":"2017-02-04T20:39:52","modified_gmt":"2017-02-04T22:39:52","slug":"novela-rock-story-resumo-0602-zac-enfrenta-leo","status":"publish","type":"post","link":"https:\/\/migracao.redenoticia.com.br\/noticia\/2017\/novela-rock-story-resumo-0602-zac-enfrenta-leo\/106140","title":{"rendered":"Novela \u201cRock Story\u201d resumo 06\/02: Zac enfrenta L\u00e9o"},"content":{"rendered":"<p> <img loading=\"lazy\" decoding=\"async\" class=\"alignleft size-thumbnail wp-image-97429\" src=\"https:\/\/migracao.redenoticia.com.br\/noticia\/imagens\/logo_rock_story-150x112.jpg\" alt=\"logo_rock_story\" width=\"150\" height=\"112\" srcset=\"https:\/\/migracao.redenoticia.com.br\/noticia\/imagens\/logo_rock_story-150x112.jpg 150w, https:\/\/migracao.redenoticia.com.br\/noticia\/imagens\/logo_rock_story-265x198.jpg 265w\" sizes=\"auto, (max-width: 150px) 100vw, 150px\" \/><strong><em>Novela \u201cRock Story\u201d resumo 06\/02<\/em><\/strong>: Tom e Pa\u00e7oca colocam os instrumentos na van, mas esquecem de fech\u00e1-la. Ja\u00edlson e Du n\u00e3o perdem a oportunidade e roubam a van. Depois, Zac, Tom, JF, Nicolau e Pa\u00e7oca descobrem que seus instrumentos foram levados. Ao saber do que aconteceu, Yasmin decide ajudar a banda e Zac fica intrigado. Enquanto Geraldo chega na van de L\u00e9o com instrumentos para emprestar \u00e0 banda 4.4, Luiz\u00e3o presta queixa do roubo. Mais tarde, L\u00e9o descobre que seus instrumentos foram emprestados para a banda de Gui e tira satisfa\u00e7\u00e3o com Yasmin. Zac enfrenta L\u00e9o para defender Yasmin. Zac e Yasmin se beijam.<\/p>\n<p>No cap\u00edtulo 077(*), novela \u201cRock Story\u201d, segunda-feira, 06 de fevereiro \u2013 Yasmin decide  ajudar a banda e Zac fica intrigado. Eva pede para o gar\u00e7om avis\u00e1-la quando Gordo estiver no restaurante. Geraldo chega na van de L\u00e9o com instrumentos para emprestar \u00e0 banda 4.4. Luiz\u00e3o presta queixa do roubo da van e dos instrumentos da banda. <\/p>\n<p>L\u00e9o descobre que seus instrumentos foram emprestados para a banda de Gui. Ja\u00edlson decide ficar com um dos instrumentos que roubou. Zac enfrenta L\u00e9o para defender Yasmin. Nicolau se incomoda ao ver Luana com JF. J\u00falia consegue marcar uma reuni\u00e3o com Rog\u00ea. Luana sente-se mal na churrascaria. L\u00e1zaro sugere que L\u00e9o compre a parte de Diana na gravadora. Diana n\u00e3o aceita que Gordo venda a casa. <\/p>\n<p>Rog\u00ea decide usar a coreografia de J\u00falia no clipe da 4.4. Zac e Yasmin se beijam. Nicolau cuida de Luana. Alex n\u00e3o atende ao telefonema de Lorena. Romildo e William obrigam Marisa a se encontrar com Alex. Diana exige falar com Gui.<\/p>\n<p>(*) edi\u00e7\u00e3o da Rede Globo, Novela \u201cRock Story\u201d, sujeito a altera\u00e7\u00e3o de data e conte\u00fado.<\/p>\n","protected":false},"excerpt":{"rendered":"<p>Novela \u201cRock Story\u201d resumo 06\/02: Tom e Pa\u00e7oca colocam os instrumentos na van, mas esquecem de fech\u00e1-la. Ja\u00edlson e Du n\u00e3o perdem a oportunidade e roubam a van. Depois, Zac, Tom, JF, Nicolau e Pa\u00e7oca descobrem que seus instrumentos foram levados. Ao saber do que aconteceu, Yasmin decide ajudar a banda e Zac fica intrigado. [&hellip;]<\/p>\n","protected":false},"author":2,"featured_media":99192,"comment_status":"open","ping_status":"closed","sticky":false,"template":"","format":"standard","meta":{"tdm_status":"","tdm_grid_status":"","footnotes":""},"categories":[379,375,343],"tags":[441],"class_list":{"0":"post-106140","1":"post","2":"type-post","3":"status-publish","4":"format-standard","5":"has-post-thumbnail","7":"category-novelas","8":"category-rede-globo","9":"category-televisao","10":"tag-resumo-do-dia"},"_links":{"self":[{"href":"https:\/\/migracao.redenoticia.com.br\/noticia\/wp-json\/wp\/v2\/posts\/106140","targetHints":{"allow":["GET"]}}],"collection":[{"href":"https:\/\/migracao.redenoticia.com.br\/noticia\/wp-json\/wp\/v2\/posts"}],"about":[{"href":"https:\/\/migracao.redenoticia.com.br\/noticia\/wp-json\/wp\/v2\/types\/post"}],"author":[{"embeddable":true,"href":"https:\/\/migracao.redenoticia.com.br\/noticia\/wp-json\/wp\/v2\/users\/2"}],"replies":[{"embeddable":true,"href":"https:\/\/migracao.redenoticia.com.br\/noticia\/wp-json\/wp\/v2\/comments?post=106140"}],"version-history":[{"count":0,"href":"https:\/\/migracao.redenoticia.com.br\/noticia\/wp-json\/wp\/v2\/posts\/106140\/revisions"}],"wp:featuredmedia":[{"embeddable":true,"href":"https:\/\/migracao.redenoticia.com.br\/noticia\/wp-json\/wp\/v2\/media\/99192"}],"wp:attachment":[{"href":"https:\/\/migracao.redenoticia.com.br\/noticia\/wp-json\/wp\/v2\/media?parent=106140"}],"wp:term":[{"taxonomy":"category","embeddable":true,"href":"https:\/\/migracao.redenoticia.com.br\/noticia\/wp-json\/wp\/v2\/categories?post=106140"},{"taxonomy":"post_tag","embeddable":true,"href":"https:\/\/migracao.redenoticia.com.br\/noticia\/wp-json\/wp\/v2\/tags?post=106140"}],"curies":[{"name":"wp","href":"https:\/\/api.w.org\/{rel}","templated":true}]}}