{"id":106161,"date":"2017-02-05T12:17:03","date_gmt":"2017-02-05T14:17:03","guid":{"rendered":"http:\/\/www.redenoticia.com.br\/noticia\/?p=106161"},"modified":"2017-02-05T12:17:03","modified_gmt":"2017-02-05T14:17:03","slug":"novela-carinha-de-anjo-resumo-0602-diana-sente-ciume-de-nicole","status":"publish","type":"post","link":"https:\/\/migracao.redenoticia.com.br\/noticia\/2017\/novela-carinha-de-anjo-resumo-0602-diana-sente-ciume-de-nicole\/106161","title":{"rendered":"Novela \u201cCarinha de Anjo\u201d resumo 06\/02: Diana sente ci\u00fame de Nicole"},"content":{"rendered":"<p> <img loading=\"lazy\" decoding=\"async\" class=\"alignleft size-thumbnail wp-image-99331\" src=\"https:\/\/migracao.redenoticia.com.br\/noticia\/imagens\/carinha_de_anjo_sbt_novela_resumo_capitulo-150x112.jpg\" alt=\"carinha_de_anjo_sbt_novela_resumo_capitulo\" width=\"150\" height=\"112\" srcset=\"https:\/\/migracao.redenoticia.com.br\/noticia\/imagens\/carinha_de_anjo_sbt_novela_resumo_capitulo-150x112.jpg 150w, https:\/\/migracao.redenoticia.com.br\/noticia\/imagens\/carinha_de_anjo_sbt_novela_resumo_capitulo-265x198.jpg 265w\" sizes=\"auto, (max-width: 150px) 100vw, 150px\" \/><strong><em>Novela \u201cCarinha de Anjo\u201d resumo 06\/02<\/em><\/strong>: ap\u00f3s o show do sertanejo Z\u00e9 Felipe, Nicole chama Zeca e In\u00e1cio para subir na parte VIP e apresenta os dois ao cantor. Zeca pergunta se pode gravar uma entrevista com Z\u00e9 Felipe para o vlog de uma amiga e pede para que Nicole fa\u00e7a a filmagem com o celular dela. Depois, In\u00e1cio e Zeca chegam tarde em casa e falam de Nicole, que ajudou os dois depois do show de Z\u00e9 Felipe. Diana fica furiosa, sente ci\u00fame e coloca In\u00e1cio para dormir fora do quarto. No dia seguinte, Nicole chega na casa de Zeca.<\/p>\n<p>No cap\u00edtulo 056(*), novela \u201cCarinha de Anjo\u201d, segunda-feira, 06 de fevereiro \u2013 In\u00e1cio e Zeca chegam tarde em casa falando de Nicole, que ajudou os dois depois do show de Z\u00e9 Felipe, filho do sertanejo Leonardo. Diana fica furiosa e com ci\u00fame e coloca In\u00e1cio para dormir fora do quarto. <\/p>\n<p>Juju fica com medo de Rosana e mostra a pintura que fez em seu cabelo. Rosana gosta da pintura, mas fica irritada ao saber que Em\u00edlio e Z\u00e9 Felipe haviam ido para casa de Dulce sozinhos. Nicole e Gustavo se encontram por acaso enquanto correm na pra\u00e7a. Juju volta com o cabelo normal dela. <\/p>\n<p>Franciely cozinha para o almo\u00e7o que Gustavo quer servir para Vitor. Enquanto isso, Vitor e Estef\u00e2nia avisam Solange que contrataram F\u00e1tima para trabalhar em seu food truck. Nicole chega na casa de Zeca.<\/p>\n<p>(*) edi\u00e7\u00e3o do SBT, Novela \u201cCarinha de Anjo\u201d, sujeito a altera\u00e7\u00e3o de data e conte\u00fado.<\/p>\n","protected":false},"excerpt":{"rendered":"<p>Novela \u201cCarinha de Anjo\u201d resumo 06\/02: ap\u00f3s o show do sertanejo Z\u00e9 Felipe, Nicole chama Zeca e In\u00e1cio para subir na parte VIP e apresenta os dois ao cantor. Zeca pergunta se pode gravar uma entrevista com Z\u00e9 Felipe para o vlog de uma amiga e pede para que Nicole fa\u00e7a a filmagem com o [&hellip;]<\/p>\n","protected":false},"author":2,"featured_media":99331,"comment_status":"open","ping_status":"closed","sticky":false,"template":"","format":"standard","meta":{"tdm_status":"","tdm_grid_status":"","footnotes":""},"categories":[452,379,372,343],"tags":[441],"class_list":{"0":"post-106161","1":"post","2":"type-post","3":"status-publish","4":"format-standard","5":"has-post-thumbnail","7":"category-carinha-de-anjo","8":"category-novelas","9":"category-sbt","10":"category-televisao","11":"tag-resumo-do-dia"},"_links":{"self":[{"href":"https:\/\/migracao.redenoticia.com.br\/noticia\/wp-json\/wp\/v2\/posts\/106161","targetHints":{"allow":["GET"]}}],"collection":[{"href":"https:\/\/migracao.redenoticia.com.br\/noticia\/wp-json\/wp\/v2\/posts"}],"about":[{"href":"https:\/\/migracao.redenoticia.com.br\/noticia\/wp-json\/wp\/v2\/types\/post"}],"author":[{"embeddable":true,"href":"https:\/\/migracao.redenoticia.com.br\/noticia\/wp-json\/wp\/v2\/users\/2"}],"replies":[{"embeddable":true,"href":"https:\/\/migracao.redenoticia.com.br\/noticia\/wp-json\/wp\/v2\/comments?post=106161"}],"version-history":[{"count":0,"href":"https:\/\/migracao.redenoticia.com.br\/noticia\/wp-json\/wp\/v2\/posts\/106161\/revisions"}],"wp:featuredmedia":[{"embeddable":true,"href":"https:\/\/migracao.redenoticia.com.br\/noticia\/wp-json\/wp\/v2\/media\/99331"}],"wp:attachment":[{"href":"https:\/\/migracao.redenoticia.com.br\/noticia\/wp-json\/wp\/v2\/media?parent=106161"}],"wp:term":[{"taxonomy":"category","embeddable":true,"href":"https:\/\/migracao.redenoticia.com.br\/noticia\/wp-json\/wp\/v2\/categories?post=106161"},{"taxonomy":"post_tag","embeddable":true,"href":"https:\/\/migracao.redenoticia.com.br\/noticia\/wp-json\/wp\/v2\/tags?post=106161"}],"curies":[{"name":"wp","href":"https:\/\/api.w.org\/{rel}","templated":true}]}}