{"id":106203,"date":"2017-02-06T01:11:46","date_gmt":"2017-02-06T03:11:46","guid":{"rendered":"http:\/\/www.redenoticia.com.br\/noticia\/?p=106203"},"modified":"2017-02-05T18:13:10","modified_gmt":"2017-02-05T20:13:10","slug":"producao-de-petroleo-e-gas-natural-registra-recorde-em-dezembro-diz-anp","status":"publish","type":"post","link":"https:\/\/migracao.redenoticia.com.br\/noticia\/2017\/producao-de-petroleo-e-gas-natural-registra-recorde-em-dezembro-diz-anp\/106203","title":{"rendered":"Produ\u00e7\u00e3o de petr\u00f3leo e g\u00e1s natural registra recorde em dezembro, diz ANP"},"content":{"rendered":"<p> O pa\u00eds fechou 2016 com um novo recorde na produ\u00e7\u00e3o de <strong><em>petr\u00f3leo e g\u00e1s natural<\/em><\/strong> nos campos nacionais. Dados divulgados pela Ag\u00eancia Nacional de Petr\u00f3leo, G\u00e1s Natural e Biocombust\u00edveis (ANP) mostram que em dezembro a produ\u00e7\u00e3o de petr\u00f3leo totalizou 2,73 milh\u00f5es de barris por dia, superando o recorde anterior, de 2,67 milh\u00f5es de barris\/dia produzidos em setembro.<\/p>\n<p>J\u00e1 a produ\u00e7\u00e3o de g\u00e1s natural chegou a 111,8 milh\u00f5es de metros c\u00fabicos\/dia em dezembro, superando o recorde anterior, de 111,1 milh\u00f5es de metros c\u00fabicos\/dia, registrado em novembro.<\/p>\n<p>Na compara\u00e7\u00e3o com dezembro de 2015, a produ\u00e7\u00e3o de petr\u00f3leo subiu 7,8%. E a de g\u00e1s natural foi 11,3% maior.<\/p>\n<p>No total, a produ\u00e7\u00e3o de petr\u00f3leo equivalente (petr\u00f3leo e g\u00e1s natural) nos campos nacionais fechou dezembro de 2016 em aproximadamente 3,43 milh\u00f5es de barris de \u00f3leo equivalente por dia.<\/p>\n<p>Mais uma vez, o Campo de Lula, no pr\u00e9-sal da Bacia de Santos, foi o maior produtor de petr\u00f3leo e g\u00e1s natural, com extra\u00e7\u00e3o m\u00e9dia de 710 mil barris\/dia de petr\u00f3leo e 30,8 milh\u00f5es de barris di\u00e1rios de g\u00e1s natural.<\/p>\n<p>Segundo informa\u00e7\u00f5es da ANP, a produ\u00e7\u00e3o de petr\u00f3leo do Campo de Lula em dezembro do ano passado foi a maior j\u00e1 registrada por um campo no Brasil. O recorde anterior era do mesmo campo, que em novembro do ano passado produziu 663,2 mil barris\/dia.<\/p>\n<p>Pr\u00e9-sal<\/p>\n<p>Os 68 po\u00e7os produtores na regi\u00e3o do pr\u00e9-sal da Bacia de Santos j\u00e1 respondem atualmente por quase a metade da produ\u00e7\u00e3o nacional de petr\u00f3leo e g\u00e1s natural: 46%.<\/p>\n<p>Em dezembro, a produ\u00e7\u00e3o dos po\u00e7os do pr\u00e9-sal chegou a 1,57 milh\u00e3o de barris de \u00f3leo equivalente (petr\u00f3leo e g\u00e1s natural), um crescimento de 8,4% na compara\u00e7\u00e3o com novembro: foram 1,26 milh\u00e3o de barris de petr\u00f3leo e 49 milh\u00f5es de metros c\u00fabicos de g\u00e1s natural.<\/p>\n<p>Campos produtores<\/p>\n<p>De acordo com a ANP, 94,9% de todo o petr\u00f3leo extra\u00eddo nos campos nacionais e 78,9% do g\u00e1s natural foram produzidos em campos mar\u00edtimos. No total, o pa\u00eds tem 8.573 po\u00e7os: 755 mar\u00edtimos e 7.818 terrestres.<\/p>\n<p>Os campos operados pela Petrobras produziram 94,3% do petr\u00f3leo e do g\u00e1s natural. Estreito, na Bacia Potiguar, teve o maior n\u00famero de po\u00e7os produtores: 1.103. J\u00e1 Marlim, na Bacia de Campos, foi o campo mar\u00edtimo com maior n\u00famero de po\u00e7os produtores: 63.<\/p>\n<p>A FPSO Petrobras 58, plataforma do tipo semissubmerg\u00edvel que explora, produz, armazena e escoa petr\u00f3leo e g\u00e1s natural, foi a Unidade Estacion\u00e1ria de Produ\u00e7\u00e3o com maior produ\u00e7\u00e3o do pa\u00eds, com 189,6 mil barris de \u00f3leo equivalente. A plataforma atua nos campos de Jubarte, Baleia Azul, Baleia An\u00e3 e Baleia Franca.<\/p>\n<p>Queima de g\u00e1s<\/p>\n<p>Embora a queima de g\u00e1s natural tenha crescido 13,5% de novembro para dezembro do ano passado, o pa\u00eds manteve o n\u00edvel de 96,1% de aproveitamento de todo o g\u00e1s produzido nos campos nacionais.<\/p>\n<p>Nielmar de Oliveira &#8211; Rep\u00f3rter da Ag\u00eancia Brasil<br \/>\nEdi\u00e7\u00e3o: Luana Louren\u00e7o<br \/>\n06\/02\/2017<\/p>\n","protected":false},"excerpt":{"rendered":"<p>O pa\u00eds fechou 2016 com um novo recorde na produ\u00e7\u00e3o de petr\u00f3leo e g\u00e1s natural nos campos nacionais. Dados divulgados pela Ag\u00eancia Nacional de Petr\u00f3leo, G\u00e1s Natural e Biocombust\u00edveis (ANP) mostram que em dezembro a produ\u00e7\u00e3o de petr\u00f3leo totalizou 2,73 milh\u00f5es de barris por dia, superando o recorde anterior, de 2,67 milh\u00f5es de barris\/dia produzidos [&hellip;]<\/p>\n","protected":false},"author":2,"featured_media":57582,"comment_status":"open","ping_status":"closed","sticky":false,"template":"","format":"standard","meta":{"tdm_status":"","tdm_grid_status":"","footnotes":""},"categories":[22,7],"tags":[],"class_list":{"0":"post-106203","1":"post","2":"type-post","3":"status-publish","4":"format-standard","5":"has-post-thumbnail","7":"category-brasil","8":"category-economia"},"_links":{"self":[{"href":"https:\/\/migracao.redenoticia.com.br\/noticia\/wp-json\/wp\/v2\/posts\/106203","targetHints":{"allow":["GET"]}}],"collection":[{"href":"https:\/\/migracao.redenoticia.com.br\/noticia\/wp-json\/wp\/v2\/posts"}],"about":[{"href":"https:\/\/migracao.redenoticia.com.br\/noticia\/wp-json\/wp\/v2\/types\/post"}],"author":[{"embeddable":true,"href":"https:\/\/migracao.redenoticia.com.br\/noticia\/wp-json\/wp\/v2\/users\/2"}],"replies":[{"embeddable":true,"href":"https:\/\/migracao.redenoticia.com.br\/noticia\/wp-json\/wp\/v2\/comments?post=106203"}],"version-history":[{"count":0,"href":"https:\/\/migracao.redenoticia.com.br\/noticia\/wp-json\/wp\/v2\/posts\/106203\/revisions"}],"wp:featuredmedia":[{"embeddable":true,"href":"https:\/\/migracao.redenoticia.com.br\/noticia\/wp-json\/wp\/v2\/media\/57582"}],"wp:attachment":[{"href":"https:\/\/migracao.redenoticia.com.br\/noticia\/wp-json\/wp\/v2\/media?parent=106203"}],"wp:term":[{"taxonomy":"category","embeddable":true,"href":"https:\/\/migracao.redenoticia.com.br\/noticia\/wp-json\/wp\/v2\/categories?post=106203"},{"taxonomy":"post_tag","embeddable":true,"href":"https:\/\/migracao.redenoticia.com.br\/noticia\/wp-json\/wp\/v2\/tags?post=106203"}],"curies":[{"name":"wp","href":"https:\/\/api.w.org\/{rel}","templated":true}]}}