{"id":106215,"date":"2017-02-06T20:22:59","date_gmt":"2017-02-06T22:22:59","guid":{"rendered":"http:\/\/www.redenoticia.com.br\/noticia\/?p=106215"},"modified":"2017-02-07T20:38:31","modified_gmt":"2017-02-07T22:38:31","slug":"novela-a-escrava-isaura-resumo-0702-andre-e-moleca-reconstroem-o-quilombo","status":"publish","type":"post","link":"https:\/\/migracao.redenoticia.com.br\/noticia\/2017\/novela-a-escrava-isaura-resumo-0702-andre-e-moleca-reconstroem-o-quilombo\/106215","title":{"rendered":"Novela \u201cA Escrava Isaura\u201d resumo 07\/02: Andr\u00e9 e Moleca reconstroem o quilombo"},"content":{"rendered":"<p> <img loading=\"lazy\" decoding=\"async\" class=\"alignleft size-thumbnail wp-image-103446\" src=\"https:\/\/migracao.redenoticia.com.br\/noticia\/imagens\/a_escrava_isaura_record_novela_resumo-150x112.jpg\" alt=\"\" width=\"150\" height=\"112\" srcset=\"https:\/\/migracao.redenoticia.com.br\/noticia\/imagens\/a_escrava_isaura_record_novela_resumo-150x112.jpg 150w, https:\/\/migracao.redenoticia.com.br\/noticia\/imagens\/a_escrava_isaura_record_novela_resumo-265x198.jpg 265w\" sizes=\"auto, (max-width: 150px) 100vw, 150px\" \/><strong><em>Novela \u201cA Escrava Isaura\u201d resumo 07\/02<\/em><\/strong>: no capitulo 022 (*), novela \u201cA Escrava Isaura\u201d, ter\u00e7a-feira, 07 de fevereiro, Rosa se insinua para Le\u00f4ncio. Le\u00f4ncio vai ao quarto de Isaura. Malvina acorda. Miguel est\u00e1 b\u00eabado. Sebasti\u00e3o flagra Gabriel e Helena na sala de sua casa. Tom\u00e1sia e Gioconda decidem salvar Gabriel. Le\u00f4ncio expulsa Henrique de sua casa. Jo\u00e3o e Joaquina chegam \u00e0 fazenda de Sebasti\u00e3o. Gioconda e Tom\u00e1sia chegam \u00e0 casa de Sebasti\u00e3o. Sebasti\u00e3o e Gioconda lembram do passado. Andr\u00e9 e Moleca reconstroem o quilombo. Henrique fala de Le\u00f4ncio para Malvina. Tom\u00e1sia compra Bernardo. Le\u00f4ncio e Henrique discutem na frente de Malvina. Henrique se despede de Isaura. Helena maltrata Dr. Paulo. Belchior conta a Miguel o que aconteceu na fazenda dos Almeida. Malvina pergunta a Le\u00f4ncio se ele a trai. Le\u00f4ncio fica feliz porque Henrique foi embora.<\/p>\n<p>No cap\u00edtulo 023, quarta-feira, 08 de fevereiro &#8211; Malvina pressiona Isaura para que lhe conte o que a aflige. Helena discute com o Dr. Paulo. Tom\u00e1sia e Gabriel est\u00e3o prontos para incendiar a lavoura. Le\u00f4ncio recebe uma carta de seu pai sobre sua volta da viagem. Belchior d\u00e1 o recado de Miguel \u00e0 Isaura. Henrique conta a seu pai as maldades que Le\u00f4ncio faz. Malvina v\u00ea seu marido e Rosa juntos. Bernardo sugere outra forma de prejudicar Le\u00f4ncio. Miguel diz \u00e0 sua filha que caso ele n\u00e3o consiga sua liberdade, eles devem fugir. Com. Almeida chega de viagem, mas n\u00e3o passa bem. <\/p>\n<p>(*) edi\u00e7\u00e3o da Rede Record, Novela \u201cA Escrava Isaura\u201d, sujeito a altera\u00e7\u00e3o de data e conte\u00fado.<\/p>\n","protected":false},"excerpt":{"rendered":"<p>Novela \u201cA Escrava Isaura\u201d resumo 07\/02: no capitulo 022 (*), novela \u201cA Escrava Isaura\u201d, ter\u00e7a-feira, 07 de fevereiro, Rosa se insinua para Le\u00f4ncio. Le\u00f4ncio vai ao quarto de Isaura. Malvina acorda. Miguel est\u00e1 b\u00eabado. Sebasti\u00e3o flagra Gabriel e Helena na sala de sua casa. Tom\u00e1sia e Gioconda decidem salvar Gabriel. Le\u00f4ncio expulsa Henrique de sua [&hellip;]<\/p>\n","protected":false},"author":2,"featured_media":103446,"comment_status":"open","ping_status":"closed","sticky":false,"template":"","format":"standard","meta":{"tdm_status":"","tdm_grid_status":"","footnotes":""},"categories":[379,371,343],"tags":[441],"class_list":{"0":"post-106215","1":"post","2":"type-post","3":"status-publish","4":"format-standard","5":"has-post-thumbnail","7":"category-novelas","8":"category-rede-record","9":"category-televisao","10":"tag-resumo-do-dia"},"_links":{"self":[{"href":"https:\/\/migracao.redenoticia.com.br\/noticia\/wp-json\/wp\/v2\/posts\/106215","targetHints":{"allow":["GET"]}}],"collection":[{"href":"https:\/\/migracao.redenoticia.com.br\/noticia\/wp-json\/wp\/v2\/posts"}],"about":[{"href":"https:\/\/migracao.redenoticia.com.br\/noticia\/wp-json\/wp\/v2\/types\/post"}],"author":[{"embeddable":true,"href":"https:\/\/migracao.redenoticia.com.br\/noticia\/wp-json\/wp\/v2\/users\/2"}],"replies":[{"embeddable":true,"href":"https:\/\/migracao.redenoticia.com.br\/noticia\/wp-json\/wp\/v2\/comments?post=106215"}],"version-history":[{"count":0,"href":"https:\/\/migracao.redenoticia.com.br\/noticia\/wp-json\/wp\/v2\/posts\/106215\/revisions"}],"wp:featuredmedia":[{"embeddable":true,"href":"https:\/\/migracao.redenoticia.com.br\/noticia\/wp-json\/wp\/v2\/media\/103446"}],"wp:attachment":[{"href":"https:\/\/migracao.redenoticia.com.br\/noticia\/wp-json\/wp\/v2\/media?parent=106215"}],"wp:term":[{"taxonomy":"category","embeddable":true,"href":"https:\/\/migracao.redenoticia.com.br\/noticia\/wp-json\/wp\/v2\/categories?post=106215"},{"taxonomy":"post_tag","embeddable":true,"href":"https:\/\/migracao.redenoticia.com.br\/noticia\/wp-json\/wp\/v2\/tags?post=106215"}],"curies":[{"name":"wp","href":"https:\/\/api.w.org\/{rel}","templated":true}]}}