{"id":106238,"date":"2017-02-06T20:55:34","date_gmt":"2017-02-06T22:55:34","guid":{"rendered":"http:\/\/www.redenoticia.com.br\/noticia\/?p=106238"},"modified":"2017-02-06T19:28:57","modified_gmt":"2017-02-06T21:28:57","slug":"novela-a-lei-do-amor-resumo-0702-helo-perde-o-bebe-que-espera","status":"publish","type":"post","link":"https:\/\/migracao.redenoticia.com.br\/noticia\/2017\/novela-a-lei-do-amor-resumo-0702-helo-perde-o-bebe-que-espera\/106238","title":{"rendered":"Novela \u201cA Lei do Amor\u201d resumo 07\/02: Pedro se emociona ao ver fotos de Stelinha"},"content":{"rendered":"<p><img loading=\"lazy\" decoding=\"async\" class=\"alignleft size-thumbnail wp-image-94887\" src=\"https:\/\/migracao.redenoticia.com.br\/noticia\/imagens\/a_lei_do_amor_resumo_novela_globo-150x112.jpg\" alt=\"a_lei_do_amor_resumo_novela_globo\" width=\"150\" height=\"112\" srcset=\"https:\/\/migracao.redenoticia.com.br\/noticia\/imagens\/a_lei_do_amor_resumo_novela_globo-150x112.jpg 150w, https:\/\/migracao.redenoticia.com.br\/noticia\/imagens\/a_lei_do_amor_resumo_novela_globo-265x198.jpg 265w\" sizes=\"auto, (max-width: 150px) 100vw, 150px\" \/><strong><em>Novela \u201cA Lei do Amor\u201d resumo 07\/02<\/em><\/strong>: assim como Hel\u00f4, Laura tamb\u00e9m manteve a paternidade da sua filha em segredo. Laura conta de Stelinha a Pedro no mesmo momento em que Hel\u00f4 perde o beb\u00ea que espera. Hel\u00f4 \u00e9 atendida pelo seu m\u00e9dico e volta para casa no mesmo dia. Como a mulher est\u00e1 muito triste, Pedro n\u00e3o lhe conta a novidade para poup\u00e1-la. Mais tarde, Pedro se emociona ao ver fotos de Stelinha. <\/p>\n<p>No cap\u00edtulo 110(*), novela \u201cA Lei do Amor\u201d, ter\u00e7a-feira, 07 de fevereiro \u2013 Pedro se surpreende com a revela\u00e7\u00e3o de Laura, mas a deixa sozinha quando ouve o chamado de Hel\u00f4. Marina \u00e9 rude com Fl\u00e1via. Let\u00edcia comenta com Ant\u00f4nio que n\u00e3o confia em Marina. Ciro confessa a Yara que foi amea\u00e7ado por Magn\u00f3lia. Ti\u00e3o tenta convencer Magn\u00f3lia a se casar com ele. Pedro confirma a perda de seu filho com Hel\u00f4.<\/p>\n<p>Magn\u00f3lia e Ti\u00e3o fazem um pacto. Elio pede para Fl\u00e1via n\u00e3o acreditar em Ti\u00e3o. Tiago tenta n\u00e3o pensar em Marina. Salete mente para n\u00e3o ir com Suely visitar Gustavo. Yara afirma a Pedro que Ciro ir\u00e1 colaborar com as investiga\u00e7\u00f5es contra Magn\u00f3lia. Let\u00edcia descobre que Pedro tem uma filha com Laura. Gigi convida J\u00e9ssica para jantar em sua casa com Ant\u00f4nio e Olavo. Fl\u00e1via convence Salete a visitar Gustavo.<\/p>\n<p>Edu vai ao cinema com Marina. Juninho implora que Misael n\u00e3o se separe de Yara. Ciro exige que Olavo consiga prote\u00e7\u00e3o para S\u00edlvia. Ti\u00e3o alerta Magn\u00f3lia sobre Ciro. Mileide v\u00ea fotos de Ruty Raquel e J\u00e1der juntos e fica enciumada. Pedro se emociona ao ver fotos de Stelinha. Tiago se surpreende ao encontrar Marina com Edu.<\/p>\n<p>(*) edi\u00e7\u00e3o da Rede Globo, Novela \u201cA Lei do Amor\u201d, sujeito a altera\u00e7\u00e3o de data e conte\u00fado.<\/p>\n","protected":false},"excerpt":{"rendered":"<p>Novela \u201cA Lei do Amor\u201d resumo 07\/02: assim como Hel\u00f4, Laura tamb\u00e9m manteve a paternidade da sua filha em segredo. Laura conta de Stelinha a Pedro no mesmo momento em que Hel\u00f4 perde o beb\u00ea que espera. Hel\u00f4 \u00e9 atendida pelo seu m\u00e9dico e volta para casa no mesmo dia. Como a mulher est\u00e1 muito [&hellip;]<\/p>\n","protected":false},"author":4,"featured_media":94887,"comment_status":"open","ping_status":"closed","sticky":false,"template":"","format":"standard","meta":{"tdm_status":"","tdm_grid_status":"","footnotes":""},"categories":[379,375,343],"tags":[441],"class_list":{"0":"post-106238","1":"post","2":"type-post","3":"status-publish","4":"format-standard","5":"has-post-thumbnail","7":"category-novelas","8":"category-rede-globo","9":"category-televisao","10":"tag-resumo-do-dia"},"_links":{"self":[{"href":"https:\/\/migracao.redenoticia.com.br\/noticia\/wp-json\/wp\/v2\/posts\/106238","targetHints":{"allow":["GET"]}}],"collection":[{"href":"https:\/\/migracao.redenoticia.com.br\/noticia\/wp-json\/wp\/v2\/posts"}],"about":[{"href":"https:\/\/migracao.redenoticia.com.br\/noticia\/wp-json\/wp\/v2\/types\/post"}],"author":[{"embeddable":true,"href":"https:\/\/migracao.redenoticia.com.br\/noticia\/wp-json\/wp\/v2\/users\/4"}],"replies":[{"embeddable":true,"href":"https:\/\/migracao.redenoticia.com.br\/noticia\/wp-json\/wp\/v2\/comments?post=106238"}],"version-history":[{"count":0,"href":"https:\/\/migracao.redenoticia.com.br\/noticia\/wp-json\/wp\/v2\/posts\/106238\/revisions"}],"wp:featuredmedia":[{"embeddable":true,"href":"https:\/\/migracao.redenoticia.com.br\/noticia\/wp-json\/wp\/v2\/media\/94887"}],"wp:attachment":[{"href":"https:\/\/migracao.redenoticia.com.br\/noticia\/wp-json\/wp\/v2\/media?parent=106238"}],"wp:term":[{"taxonomy":"category","embeddable":true,"href":"https:\/\/migracao.redenoticia.com.br\/noticia\/wp-json\/wp\/v2\/categories?post=106238"},{"taxonomy":"post_tag","embeddable":true,"href":"https:\/\/migracao.redenoticia.com.br\/noticia\/wp-json\/wp\/v2\/tags?post=106238"}],"curies":[{"name":"wp","href":"https:\/\/api.w.org\/{rel}","templated":true}]}}