{"id":106245,"date":"2017-02-06T18:05:03","date_gmt":"2017-02-06T20:05:03","guid":{"rendered":"http:\/\/www.redenoticia.com.br\/noticia\/?p=106245"},"modified":"2017-02-06T19:13:21","modified_gmt":"2017-02-06T21:13:21","slug":"novela-malhacao-resumo-0702-ricardo-desiste-de-dar-uma-chance-as-filhas","status":"publish","type":"post","link":"https:\/\/migracao.redenoticia.com.br\/noticia\/2017\/novela-malhacao-resumo-0702-ricardo-desiste-de-dar-uma-chance-as-filhas\/106245","title":{"rendered":"Novela \u201cMalha\u00e7\u00e3o\u201d resumo 07\/02: Ricardo desiste de dar uma chance \u00e0s filhas"},"content":{"rendered":"<p><img loading=\"lazy\" decoding=\"async\" class=\"alignleft size-thumbnail wp-image-91715\" src=\"https:\/\/migracao.redenoticia.com.br\/noticia\/imagens\/malhacao_pro_dia_nascer_feliz_resumo_novela-150x112.jpg\" alt=\"malhacao_pro_dia_nascer_feliz_resumo_novela\" width=\"150\" height=\"112\" srcset=\"https:\/\/migracao.redenoticia.com.br\/noticia\/imagens\/malhacao_pro_dia_nascer_feliz_resumo_novela-150x112.jpg 150w, https:\/\/migracao.redenoticia.com.br\/noticia\/imagens\/malhacao_pro_dia_nascer_feliz_resumo_novela-265x198.jpg 265w\" sizes=\"auto, (max-width: 150px) 100vw, 150px\" \/><strong><em>Novela \u201cMalha\u00e7\u00e3o\u201d resumo 07\/02<\/em><\/strong>:\u00a0Ricardo se surpreende quando v\u00ea\u00a0Joana e B\u00e1rbara em sua sala. Joana diz que elas sabem que erraram, mas se Ricardo aceitar um pedido duplo de desculpas, elas prometem que nunca mais v\u00e3o ter sequer bate-boca na academia. B\u00e1rbara completa ao dizer que n\u00e3o v\u00e3o virar amigas de uma hora para outra nem ficar de sorrisinho pelos cantos, mas est\u00e1 disposta a tentar.\u00a0Ricardo, que n\u00e3o consegue acreditar no que acaba de ouvir, \u00e9 pressionado por\u00a0Joana ao perguntar se ele vai dar cr\u00e9dito para elas. Ent\u00e3o, Ricardo readmite as duas filhas na academia, mas desconfia da sinceridade de B\u00e1rbara. Mais tarde, B\u00e1rbara e Joana brigam novamente e Ricardo desiste de dar uma nova chance \u00e0s duas. <\/p>\n<p>No cap\u00edtulo 122 (*), novela \u201cMalha\u00e7\u00e3o\u201d, ter\u00e7a-feira, 07 de fevereiro \u2013 Ricardo readmite as duas filhas na academia, mas desconfia da sinceridade de B\u00e1rbara. B\u00e1rbara e Joana brigam novamente e Ricardo desiste de dar uma nova chance \u00e0s duas.<\/p>\n<p>Luiza conversa com T\u00e2nia sobre Lucas e Martinha. Martinha confessa a Juliana e Jab\u00e1 que quer se casar com Lucas. Nanda descobre que o cora\u00e7\u00e3o de Renato era o de Filipe.<\/p>\n<p>R\u00f4mulo afirma a Belloto que lutar\u00e1 pelo amor de Nanda. Joana e B\u00e1rbara se encontram em uma ag\u00eancia de modelos.<\/p>\n<p>(*) edi\u00e7\u00e3o da Rede Globo, Novela \u201cMalha\u00e7\u00e3o\u201d, sujeito a altera\u00e7\u00e3o de data e conte\u00fado.<\/p>\n","protected":false},"excerpt":{"rendered":"<p>Novela \u201cMalha\u00e7\u00e3o\u201d resumo 07\/02:\u00a0Ricardo se surpreende quando v\u00ea\u00a0Joana e B\u00e1rbara em sua sala. Joana diz que elas sabem que erraram, mas se Ricardo aceitar um pedido duplo de desculpas, elas prometem que nunca mais v\u00e3o ter sequer bate-boca na academia. B\u00e1rbara completa ao dizer que n\u00e3o v\u00e3o virar amigas de uma hora para outra nem [&hellip;]<\/p>\n","protected":false},"author":4,"featured_media":91715,"comment_status":"open","ping_status":"closed","sticky":false,"template":"","format":"standard","meta":{"tdm_status":"","tdm_grid_status":"","footnotes":""},"categories":[447,379,375,343],"tags":[441],"class_list":{"0":"post-106245","1":"post","2":"type-post","3":"status-publish","4":"format-standard","5":"has-post-thumbnail","7":"category-malhacao","8":"category-novelas","9":"category-rede-globo","10":"category-televisao","11":"tag-resumo-do-dia"},"_links":{"self":[{"href":"https:\/\/migracao.redenoticia.com.br\/noticia\/wp-json\/wp\/v2\/posts\/106245","targetHints":{"allow":["GET"]}}],"collection":[{"href":"https:\/\/migracao.redenoticia.com.br\/noticia\/wp-json\/wp\/v2\/posts"}],"about":[{"href":"https:\/\/migracao.redenoticia.com.br\/noticia\/wp-json\/wp\/v2\/types\/post"}],"author":[{"embeddable":true,"href":"https:\/\/migracao.redenoticia.com.br\/noticia\/wp-json\/wp\/v2\/users\/4"}],"replies":[{"embeddable":true,"href":"https:\/\/migracao.redenoticia.com.br\/noticia\/wp-json\/wp\/v2\/comments?post=106245"}],"version-history":[{"count":0,"href":"https:\/\/migracao.redenoticia.com.br\/noticia\/wp-json\/wp\/v2\/posts\/106245\/revisions"}],"wp:featuredmedia":[{"embeddable":true,"href":"https:\/\/migracao.redenoticia.com.br\/noticia\/wp-json\/wp\/v2\/media\/91715"}],"wp:attachment":[{"href":"https:\/\/migracao.redenoticia.com.br\/noticia\/wp-json\/wp\/v2\/media?parent=106245"}],"wp:term":[{"taxonomy":"category","embeddable":true,"href":"https:\/\/migracao.redenoticia.com.br\/noticia\/wp-json\/wp\/v2\/categories?post=106245"},{"taxonomy":"post_tag","embeddable":true,"href":"https:\/\/migracao.redenoticia.com.br\/noticia\/wp-json\/wp\/v2\/tags?post=106245"}],"curies":[{"name":"wp","href":"https:\/\/api.w.org\/{rel}","templated":true}]}}