{"id":106256,"date":"2017-02-06T20:25:14","date_gmt":"2017-02-06T22:25:14","guid":{"rendered":"http:\/\/www.redenoticia.com.br\/noticia\/?p=106256"},"modified":"2017-02-06T19:27:52","modified_gmt":"2017-02-06T21:27:52","slug":"novela-carinha-de-anjo-resumo-0702-fabiana-desconfia-de-nicole","status":"publish","type":"post","link":"https:\/\/migracao.redenoticia.com.br\/noticia\/2017\/novela-carinha-de-anjo-resumo-0702-fabiana-desconfia-de-nicole\/106256","title":{"rendered":"Novela \u201cCarinha de Anjo\u201d resumo 07\/02: Fabiana desconfia de Nicole"},"content":{"rendered":"<p><img loading=\"lazy\" decoding=\"async\" class=\"alignleft size-thumbnail wp-image-99331\" src=\"https:\/\/migracao.redenoticia.com.br\/noticia\/imagens\/carinha_de_anjo_sbt_novela_resumo_capitulo-150x112.jpg\" alt=\"carinha_de_anjo_sbt_novela_resumo_capitulo\" width=\"150\" height=\"112\" srcset=\"https:\/\/migracao.redenoticia.com.br\/noticia\/imagens\/carinha_de_anjo_sbt_novela_resumo_capitulo-150x112.jpg 150w, https:\/\/migracao.redenoticia.com.br\/noticia\/imagens\/carinha_de_anjo_sbt_novela_resumo_capitulo-265x198.jpg 265w\" sizes=\"auto, (max-width: 150px) 100vw, 150px\" \/><strong><em>Novela \u201cCarinha de Anjo\u201d resumo 07\/02<\/em><\/strong>:\u00a0Nicole almo\u00e7a na casa de Zeca e fala sobre o poss\u00edvel encontro com um empres\u00e1rio. Gustavo diz para Vitor que encontrou Nicole e que ela est\u00e1 mudada, com um temperamento mais calmo e bondoso. Dulce Maria diz para Tia Perucas que tem medo de Gustavo voltar com Nicole. Irm\u00e3 Fabiana d\u00e1 aula de canto para Zeca e descobre sobre a aproxima\u00e7\u00e3o de Nicole com ele. Ela conta para Cec\u00edlia e diz que ningu\u00e9m muda de uma hora para outra. <\/p>\n<p>No cap\u00edtulo 057(*), novela \u201cCarinha de Anjo\u201d, ter\u00e7a-feira, 07 de fevereiro \u2013 Nicole almo\u00e7a na casa de Zeca e fala sobre o poss\u00edvel encontro com um empres\u00e1rio. Gustavo diz para Vitor que encontrou Nicole e que ela est\u00e1 mudada, com um temperamento mais calmo e bondozo.<\/p>\n<p>Dulce Maria diz para Tia Perucas que tem medo de Gustavo voltar com Nicole. Cec\u00edlia telefona para o doutor Andr\u00e9 para dizer que n\u00e3o ser\u00e1 mais transferida. Franciely, Solange e Silvestre ganham folga. Irm\u00e3 Fabiana d\u00e1 aula de canto para Zeca. Silvestre presenteia Solange com um quadro que ele pintou especialmente para ela, com um retrato dela. Solange chora ao ver o retrato feito por Silvestre.<\/p>\n<p>Fabiana fica sabendo da aproxima\u00e7\u00e3o de Nicole com Zeca. Fabiana conta para Cec\u00edlia e diz que ningu\u00e9m muda de uma hora para outra. Zeca entrega para Juju o v\u00eddeo que gravou com o sertanejo Z\u00e9 Felipe para seu vlog.<\/p>\n<p>(*) edi\u00e7\u00e3o do SBT, Novela \u201cCarinha de Anjo\u201d, sujeito a altera\u00e7\u00e3o de data e conte\u00fado.<\/p>\n","protected":false},"excerpt":{"rendered":"<p>Novela \u201cCarinha de Anjo\u201d resumo 07\/02:\u00a0Nicole almo\u00e7a na casa de Zeca e fala sobre o poss\u00edvel encontro com um empres\u00e1rio. Gustavo diz para Vitor que encontrou Nicole e que ela est\u00e1 mudada, com um temperamento mais calmo e bondoso. Dulce Maria diz para Tia Perucas que tem medo de Gustavo voltar com Nicole. Irm\u00e3 Fabiana [&hellip;]<\/p>\n","protected":false},"author":4,"featured_media":99331,"comment_status":"open","ping_status":"closed","sticky":false,"template":"","format":"standard","meta":{"tdm_status":"","tdm_grid_status":"","footnotes":""},"categories":[452,379,372,343],"tags":[441],"class_list":{"0":"post-106256","1":"post","2":"type-post","3":"status-publish","4":"format-standard","5":"has-post-thumbnail","7":"category-carinha-de-anjo","8":"category-novelas","9":"category-sbt","10":"category-televisao","11":"tag-resumo-do-dia"},"_links":{"self":[{"href":"https:\/\/migracao.redenoticia.com.br\/noticia\/wp-json\/wp\/v2\/posts\/106256","targetHints":{"allow":["GET"]}}],"collection":[{"href":"https:\/\/migracao.redenoticia.com.br\/noticia\/wp-json\/wp\/v2\/posts"}],"about":[{"href":"https:\/\/migracao.redenoticia.com.br\/noticia\/wp-json\/wp\/v2\/types\/post"}],"author":[{"embeddable":true,"href":"https:\/\/migracao.redenoticia.com.br\/noticia\/wp-json\/wp\/v2\/users\/4"}],"replies":[{"embeddable":true,"href":"https:\/\/migracao.redenoticia.com.br\/noticia\/wp-json\/wp\/v2\/comments?post=106256"}],"version-history":[{"count":0,"href":"https:\/\/migracao.redenoticia.com.br\/noticia\/wp-json\/wp\/v2\/posts\/106256\/revisions"}],"wp:featuredmedia":[{"embeddable":true,"href":"https:\/\/migracao.redenoticia.com.br\/noticia\/wp-json\/wp\/v2\/media\/99331"}],"wp:attachment":[{"href":"https:\/\/migracao.redenoticia.com.br\/noticia\/wp-json\/wp\/v2\/media?parent=106256"}],"wp:term":[{"taxonomy":"category","embeddable":true,"href":"https:\/\/migracao.redenoticia.com.br\/noticia\/wp-json\/wp\/v2\/categories?post=106256"},{"taxonomy":"post_tag","embeddable":true,"href":"https:\/\/migracao.redenoticia.com.br\/noticia\/wp-json\/wp\/v2\/tags?post=106256"}],"curies":[{"name":"wp","href":"https:\/\/api.w.org\/{rel}","templated":true}]}}