{"id":106295,"date":"2017-02-07T00:34:44","date_gmt":"2017-02-07T02:34:44","guid":{"rendered":"http:\/\/www.redenoticia.com.br\/noticia\/?p=106295"},"modified":"2017-02-06T20:35:57","modified_gmt":"2017-02-06T22:35:57","slug":"abertas-as-inscricoes-para-o-premio-jose-reis-de-divulgacao-cientifica","status":"publish","type":"post","link":"https:\/\/migracao.redenoticia.com.br\/noticia\/2017\/abertas-as-inscricoes-para-o-premio-jose-reis-de-divulgacao-cientifica\/106295","title":{"rendered":"Abertas as inscri\u00e7\u00f5es para o Pr\u00eamio Jos\u00e9 Reis de Divulga\u00e7\u00e3o Cient\u00edfica"},"content":{"rendered":"<p> Ag\u00eancia FAPESP \u2013 O Conselho Nacional de Desenvolvimento Cient\u00edfico e Tecnol\u00f3gico (CNPq) lan\u00e7ou a 37\u00aa edi\u00e7\u00e3o do <em><strong>Pr\u00eamio Jos\u00e9 Reis de Divulga\u00e7\u00e3o Cient\u00edfica<\/strong><\/em> que premiar\u00e1, em 2017, um jornalista profissional de destaque na difus\u00e3o da Ci\u00eancia, da Tecnologia e da Inova\u00e7\u00e3o nos meios de comunica\u00e7\u00e3o de massa. As inscri\u00e7\u00f5es encerram em 17 de abril.<\/p>\n<p>As inscri\u00e7\u00f5es devem ser enviadas via Correios ao CNPq &#8211; Servi\u00e7o de Pr\u00eamios e a documenta\u00e7\u00e3o necess\u00e1ria inclui a Ficha de Inscri\u00e7\u00e3o, c\u00f3pia do registro de jornalista, curr\u00edculo atualizado em 2017 na Plataforma Lattes, justificativa que evidencie a contribui\u00e7\u00e3o do candidato \u00e0 divulga\u00e7\u00e3o da ci\u00eancia, da tecnologia e da inova\u00e7\u00e3o e apresenta\u00e7\u00e3o dos trabalhos mais importantes.<\/p>\n<p>A ficha de inscri\u00e7\u00e3o e mais informa\u00e7\u00f5es podem ser obtidas na p\u00e1gina do Pr\u00eamio na internet: <\/p>\n<p>O vencedor recebe uma premia\u00e7\u00e3o em dinheiro no valor de R$ 20 mil e diploma, al\u00e9m de participar da Reuni\u00e3o Anual da Sociedade Brasileira para o Progresso da Ci\u00eancia (SBPC), em julho de 2017, que ocorrer\u00e1 em Belo Horizonte, Minas Gerais.<\/p>\n<p>Institu\u00eddo em 1978, o Pr\u00eamio \u00e9 uma homenagem ao m\u00e9dico, pesquisador, jornalista e educador Jos\u00e9 Reis, que teve uma grande atua\u00e7\u00e3o no fortalecimento da divulga\u00e7\u00e3o cient\u00edfica no Brasil, sendo um dos fundadores da Sociedade Brasileira para o Progresso da Ci\u00eancia (SBPC) e de sua revista Ci\u00eancia e Cultura e manteve, por 55 anos, uma coluna no jornal Folha de S. Paulo.<\/p>\n<p>Anualmente, \u00e9 escolhido um nome em uma das tr\u00eas categorias, que se revezam \u2013\u00a0&#8220;Jornalista em Ci\u00eancia e Tecnologia&#8221;, &#8220;Institui\u00e7\u00e3o e Ve\u00edculo de Comunica\u00e7\u00e3o&#8221; e &#8220;Pesquisador e Escritor&#8221; \u2013\u00a0que tenha contribu\u00eddo, significativamente, para a forma\u00e7\u00e3o de uma cultura cient\u00edfica e por tornar a Ci\u00eancia, a Tecnologia e a Inova\u00e7\u00e3o conhecidas da sociedade.<\/p>\n<p>A escolha \u00e9 feita por uma Comiss\u00e3o Julgadora, designada pelo presidente do CNPq, composta por seis membros, sendo tr\u00eas de sua livre escolha e tr\u00eas indicados pelas seguintes entidades: Associa\u00e7\u00e3o Brasileira de Editores Cient\u00edficos (ABEC), Associa\u00e7\u00e3o Brasileira de Jornalismo Cient\u00edfico (ABJC) e Sociedade Brasileira para o Progresso da Ci\u00eancia (SBPC).<\/p>\n","protected":false},"excerpt":{"rendered":"<p>Ag\u00eancia FAPESP \u2013 O Conselho Nacional de Desenvolvimento Cient\u00edfico e Tecnol\u00f3gico (CNPq) lan\u00e7ou a 37\u00aa edi\u00e7\u00e3o do Pr\u00eamio Jos\u00e9 Reis de Divulga\u00e7\u00e3o Cient\u00edfica que premiar\u00e1, em 2017, um jornalista profissional de destaque na difus\u00e3o da Ci\u00eancia, da Tecnologia e da Inova\u00e7\u00e3o nos meios de comunica\u00e7\u00e3o de massa. As inscri\u00e7\u00f5es encerram em 17 de abril. As [&hellip;]<\/p>\n","protected":false},"author":2,"featured_media":28951,"comment_status":"open","ping_status":"closed","sticky":false,"template":"","format":"standard","meta":{"tdm_status":"","tdm_grid_status":"","footnotes":""},"categories":[22,370,353],"tags":[],"class_list":{"0":"post-106295","1":"post","2":"type-post","3":"status-publish","4":"format-standard","5":"has-post-thumbnail","7":"category-brasil","8":"category-inscricao","9":"category-oportunidades"},"_links":{"self":[{"href":"https:\/\/migracao.redenoticia.com.br\/noticia\/wp-json\/wp\/v2\/posts\/106295","targetHints":{"allow":["GET"]}}],"collection":[{"href":"https:\/\/migracao.redenoticia.com.br\/noticia\/wp-json\/wp\/v2\/posts"}],"about":[{"href":"https:\/\/migracao.redenoticia.com.br\/noticia\/wp-json\/wp\/v2\/types\/post"}],"author":[{"embeddable":true,"href":"https:\/\/migracao.redenoticia.com.br\/noticia\/wp-json\/wp\/v2\/users\/2"}],"replies":[{"embeddable":true,"href":"https:\/\/migracao.redenoticia.com.br\/noticia\/wp-json\/wp\/v2\/comments?post=106295"}],"version-history":[{"count":0,"href":"https:\/\/migracao.redenoticia.com.br\/noticia\/wp-json\/wp\/v2\/posts\/106295\/revisions"}],"wp:featuredmedia":[{"embeddable":true,"href":"https:\/\/migracao.redenoticia.com.br\/noticia\/wp-json\/wp\/v2\/media\/28951"}],"wp:attachment":[{"href":"https:\/\/migracao.redenoticia.com.br\/noticia\/wp-json\/wp\/v2\/media?parent=106295"}],"wp:term":[{"taxonomy":"category","embeddable":true,"href":"https:\/\/migracao.redenoticia.com.br\/noticia\/wp-json\/wp\/v2\/categories?post=106295"},{"taxonomy":"post_tag","embeddable":true,"href":"https:\/\/migracao.redenoticia.com.br\/noticia\/wp-json\/wp\/v2\/tags?post=106295"}],"curies":[{"name":"wp","href":"https:\/\/api.w.org\/{rel}","templated":true}]}}