{"id":106305,"date":"2017-02-07T00:40:34","date_gmt":"2017-02-07T02:40:34","guid":{"rendered":"http:\/\/www.redenoticia.com.br\/noticia\/?p=106305"},"modified":"2017-02-06T20:41:35","modified_gmt":"2017-02-06T22:41:35","slug":"mercado-financeiro-reduz-estimativa-de-inflacao-pela-quinta-vez-seguida","status":"publish","type":"post","link":"https:\/\/migracao.redenoticia.com.br\/noticia\/2017\/mercado-financeiro-reduz-estimativa-de-inflacao-pela-quinta-vez-seguida\/106305","title":{"rendered":"Mercado financeiro reduz estimativa de infla\u00e7\u00e3o pela quinta vez seguida"},"content":{"rendered":"<p> O mercado financeiro reduziu pela quinta semana seguida a proje\u00e7\u00e3o para a <strong><em>infla\u00e7\u00e3o<\/em><\/strong>, este ano. Desta vez, a estimativa para o \u00cdndice Nacional de Pre\u00e7os ao Consumidor Amplo (IPCA) caiu de 4,70% para 4,64%. As estimativas fazem parte do boletim Focus, uma publica\u00e7\u00e3o semanal elaborada, todas as semanas, pelo Banco Central (BC), com base em proje\u00e7\u00f5es de institui\u00e7\u00f5es financeiras para os principais indicadores econ\u00f4micos.<\/p>\n<p>A proje\u00e7\u00e3o para a infla\u00e7\u00e3o este ano est\u00e1 bem pr\u00f3xima do centro da meta de infla\u00e7\u00e3o, que \u00e9 4,5%. Para 2018, a estimativa para o IPCA segue em 4,5%.<\/p>\n<p>A proje\u00e7\u00e3o de institui\u00e7\u00f5es financeiras para o crescimento da economia (Produto Interno Bruto \u2013 PIB \u2013 a soma de todas as riquezas produzidas pelo pa\u00eds) este ano, foi ajustada de 0,50% para 0,49%. Para o pr\u00f3ximo ano, a expectativa \u00e9 que a economia cres\u00e7a 2,25%. A proje\u00e7\u00e3o da semana passada era 2,2%.<\/p>\n<p>Para as institui\u00e7\u00f5es financeiras, a Selic encerrar\u00e1 2017 em 9,5% ao ano e 2018 em 9% ao ano. Atualmente, a Selic est\u00e1 13% ao ano. A Selic \u00e9 um dos instrumentos usados para influenciar a atividade econ\u00f4mica e, consequentemente, a infla\u00e7\u00e3o. Quando o Comit\u00ea de Pol\u00edtica Monet\u00e1ria (Copom) aumenta a Selic, o objetivo \u00e9 conter a demanda aquecida, e isso gera reflexos nos pre\u00e7os, porque os juros mais altos encarecem o cr\u00e9dito e estimulam a poupan\u00e7a. Quando o Copom diminui os juros b\u00e1sicos, a tend\u00eancia \u00e9 que o cr\u00e9dito fique mais barato, com incentivo \u00e0 produ\u00e7\u00e3o e ao consumo, reduzindo o controle sobre a infla\u00e7\u00e3o.<\/p>\n<p>Kelly Oliveira &#8211; Rep\u00f3rter da Ag\u00eancia Brasil<br \/>\nEdi\u00e7\u00e3o: Val\u00e9ria Aguiar<br \/>\n07\/02\/2017<\/p>\n","protected":false},"excerpt":{"rendered":"<p>O mercado financeiro reduziu pela quinta semana seguida a proje\u00e7\u00e3o para a infla\u00e7\u00e3o, este ano. Desta vez, a estimativa para o \u00cdndice Nacional de Pre\u00e7os ao Consumidor Amplo (IPCA) caiu de 4,70% para 4,64%. As estimativas fazem parte do boletim Focus, uma publica\u00e7\u00e3o semanal elaborada, todas as semanas, pelo Banco Central (BC), com base em [&hellip;]<\/p>\n","protected":false},"author":2,"featured_media":57584,"comment_status":"open","ping_status":"closed","sticky":false,"template":"","format":"standard","meta":{"tdm_status":"","tdm_grid_status":"","footnotes":""},"categories":[22,7],"tags":[],"class_list":{"0":"post-106305","1":"post","2":"type-post","3":"status-publish","4":"format-standard","5":"has-post-thumbnail","7":"category-brasil","8":"category-economia"},"_links":{"self":[{"href":"https:\/\/migracao.redenoticia.com.br\/noticia\/wp-json\/wp\/v2\/posts\/106305","targetHints":{"allow":["GET"]}}],"collection":[{"href":"https:\/\/migracao.redenoticia.com.br\/noticia\/wp-json\/wp\/v2\/posts"}],"about":[{"href":"https:\/\/migracao.redenoticia.com.br\/noticia\/wp-json\/wp\/v2\/types\/post"}],"author":[{"embeddable":true,"href":"https:\/\/migracao.redenoticia.com.br\/noticia\/wp-json\/wp\/v2\/users\/2"}],"replies":[{"embeddable":true,"href":"https:\/\/migracao.redenoticia.com.br\/noticia\/wp-json\/wp\/v2\/comments?post=106305"}],"version-history":[{"count":0,"href":"https:\/\/migracao.redenoticia.com.br\/noticia\/wp-json\/wp\/v2\/posts\/106305\/revisions"}],"wp:featuredmedia":[{"embeddable":true,"href":"https:\/\/migracao.redenoticia.com.br\/noticia\/wp-json\/wp\/v2\/media\/57584"}],"wp:attachment":[{"href":"https:\/\/migracao.redenoticia.com.br\/noticia\/wp-json\/wp\/v2\/media?parent=106305"}],"wp:term":[{"taxonomy":"category","embeddable":true,"href":"https:\/\/migracao.redenoticia.com.br\/noticia\/wp-json\/wp\/v2\/categories?post=106305"},{"taxonomy":"post_tag","embeddable":true,"href":"https:\/\/migracao.redenoticia.com.br\/noticia\/wp-json\/wp\/v2\/tags?post=106305"}],"curies":[{"name":"wp","href":"https:\/\/api.w.org\/{rel}","templated":true}]}}