{"id":106309,"date":"2017-02-07T00:42:29","date_gmt":"2017-02-07T02:42:29","guid":{"rendered":"http:\/\/www.redenoticia.com.br\/noticia\/?p=106309"},"modified":"2017-02-06T20:43:30","modified_gmt":"2017-02-06T22:43:30","slug":"saques-da-poupanca-superam-depositos-em-r-107-bilhoes-em-janeiro","status":"publish","type":"post","link":"https:\/\/migracao.redenoticia.com.br\/noticia\/2017\/saques-da-poupanca-superam-depositos-em-r-107-bilhoes-em-janeiro\/106309","title":{"rendered":"Saques da poupan\u00e7a superam dep\u00f3sitos em R$ 10,7 bilh\u00f5es em janeiro"},"content":{"rendered":"<p> O Banco Central (BC) informou que os brasileiros retiraram R$ 10,73 bilh\u00f5es a mais do que depositaram na <strong><em>poupan\u00e7a<\/em><\/strong> em janeiro. O resultado \u00e9 o segundo pior para meses de janeiro desde o in\u00edcio da s\u00e9rie hist\u00f3rica do BC, em 1995. O pior saldo negativo em janeiro permanece o registrado para 2016, quando a poupan\u00e7a ficou negativa em R$ 12 bilh\u00f5es.<\/p>\n<p>O saldo negativo de janeiro de 2017 tamb\u00e9m \u00e9 o terceiro pior da poupan\u00e7a em todos os meses, desde 1995. No m\u00eas passado, os saques na poupan\u00e7a somaram R$ 176,85 bilh\u00f5es, superando os dep\u00f3sitos, que ficaram em a R$ 166,12 bilh\u00f5es. O valor total nas contas ficou em R$ 658,56 bilh\u00f5es. O volume dos rendimentos creditados nas cadernetas dos investidores alcan\u00e7ou R$ 4,31 bilh\u00f5es.<\/p>\n<p>Alguns fatores t\u00eam contribu\u00eddo para a fuga de recursos da poupan\u00e7a. A alta da infla\u00e7\u00e3o contribui para a perda de atratividade da aplica\u00e7\u00e3o e vem influenciando a poupan\u00e7a desde 2015. No m\u00eas passado, no entanto, houve a primeira sinaliza\u00e7\u00e3o de arrefecimento da alta de pre\u00e7os.<\/p>\n<p>Segundo o Instituto Brasileiro de Geografia e Estat\u00edstica (IBGE), a infla\u00e7\u00e3o medida pelo \u00cdndice Nacional de Pre\u00e7os ao Consumidor Amplo (IPCA) fechou 2016 em 6,29%, o que sinaliza uma desacelera\u00e7\u00e3o. Isso significa que o IPCA terminou o ano passado abaixo do teto da meta estabelecida pelo Conselho Monet\u00e1rio Nacional (CMN), de 4,5%, com margem de dois pontos percentuais para cima ou para baixo.<\/p>\n<p>A taxa b\u00e1sica de juros da economia, Selic, quando est\u00e1 elevada, tamb\u00e9m torna a poupan\u00e7a menos atraente. Reagindo \u00e0 queda da infla\u00e7\u00e3o, em sua primeira reuni\u00e3o de 2017, o Comit\u00ea de Pol\u00edtica Monet\u00e1ria (Copom) do BC reduziu a Selic em 0,75 ponto percentual. No momento a taxa est\u00e1 em 13% ao ano. O presidente da autoridade monet\u00e1ria, Ilan Goldfajn, disse que este deve ser o &#8220;novo ritmo&#8221; de redu\u00e7\u00e3o da taxa.<\/p>\n<p>Mariana Branco &#8211; Rep\u00f3rter da Ag\u00eancia Brasil<br \/>\nEdi\u00e7\u00e3o: L\u00edlian Beraldo<br \/>\n07\/02\/2017<\/p>\n","protected":false},"excerpt":{"rendered":"<p>O Banco Central (BC) informou que os brasileiros retiraram R$ 10,73 bilh\u00f5es a mais do que depositaram na poupan\u00e7a em janeiro. O resultado \u00e9 o segundo pior para meses de janeiro desde o in\u00edcio da s\u00e9rie hist\u00f3rica do BC, em 1995. O pior saldo negativo em janeiro permanece o registrado para 2016, quando a poupan\u00e7a [&hellip;]<\/p>\n","protected":false},"author":2,"featured_media":40734,"comment_status":"open","ping_status":"closed","sticky":false,"template":"","format":"standard","meta":{"tdm_status":"","tdm_grid_status":"","footnotes":""},"categories":[22,7],"tags":[],"class_list":{"0":"post-106309","1":"post","2":"type-post","3":"status-publish","4":"format-standard","5":"has-post-thumbnail","7":"category-brasil","8":"category-economia"},"_links":{"self":[{"href":"https:\/\/migracao.redenoticia.com.br\/noticia\/wp-json\/wp\/v2\/posts\/106309","targetHints":{"allow":["GET"]}}],"collection":[{"href":"https:\/\/migracao.redenoticia.com.br\/noticia\/wp-json\/wp\/v2\/posts"}],"about":[{"href":"https:\/\/migracao.redenoticia.com.br\/noticia\/wp-json\/wp\/v2\/types\/post"}],"author":[{"embeddable":true,"href":"https:\/\/migracao.redenoticia.com.br\/noticia\/wp-json\/wp\/v2\/users\/2"}],"replies":[{"embeddable":true,"href":"https:\/\/migracao.redenoticia.com.br\/noticia\/wp-json\/wp\/v2\/comments?post=106309"}],"version-history":[{"count":0,"href":"https:\/\/migracao.redenoticia.com.br\/noticia\/wp-json\/wp\/v2\/posts\/106309\/revisions"}],"wp:featuredmedia":[{"embeddable":true,"href":"https:\/\/migracao.redenoticia.com.br\/noticia\/wp-json\/wp\/v2\/media\/40734"}],"wp:attachment":[{"href":"https:\/\/migracao.redenoticia.com.br\/noticia\/wp-json\/wp\/v2\/media?parent=106309"}],"wp:term":[{"taxonomy":"category","embeddable":true,"href":"https:\/\/migracao.redenoticia.com.br\/noticia\/wp-json\/wp\/v2\/categories?post=106309"},{"taxonomy":"post_tag","embeddable":true,"href":"https:\/\/migracao.redenoticia.com.br\/noticia\/wp-json\/wp\/v2\/tags?post=106309"}],"curies":[{"name":"wp","href":"https:\/\/api.w.org\/{rel}","templated":true}]}}