{"id":106322,"date":"2017-02-07T19:51:08","date_gmt":"2017-02-07T21:51:08","guid":{"rendered":"http:\/\/www.redenoticia.com.br\/noticia\/?p=106322"},"modified":"2017-02-07T22:10:52","modified_gmt":"2017-02-08T00:10:52","slug":"novela-ezel-resumo-0802-serdar-visita-cengiz-na-prisao","status":"publish","type":"post","link":"https:\/\/migracao.redenoticia.com.br\/noticia\/2017\/novela-ezel-resumo-0802-serdar-visita-cengiz-na-prisao\/106322","title":{"rendered":"Novela \u201cEzel\u201d resumo 08\/02: Serdar visita Cengiz na pris\u00e3o"},"content":{"rendered":"<p> <img loading=\"lazy\" decoding=\"async\" class=\"alignleft size-thumbnail wp-image-98061\" src=\"https:\/\/migracao.redenoticia.com.br\/noticia\/imagens\/ezel_novela_band_resumo-150x112.jpg\" alt=\"ezel_novela_band_resumo\" width=\"150\" height=\"112\" srcset=\"https:\/\/migracao.redenoticia.com.br\/noticia\/imagens\/ezel_novela_band_resumo-150x112.jpg 150w, https:\/\/migracao.redenoticia.com.br\/noticia\/imagens\/ezel_novela_band_resumo-265x198.jpg 265w\" sizes=\"auto, (max-width: 150px) 100vw, 150px\" \/><strong><em> Novela \u201cEzel\u201d resumo 08\/02<\/em><\/strong>: no capitulo 081 (*), novela \u201cEzel\u201d, quarta-feira, 08 de fevereiro, Ezel \u00e9 libertado e encontra Bahar e Eysan na sa\u00edda. Bahar desiste do tratamento e Ezel fica bravo com ela. Serdar v\u00ea Ezel e Eysan se beijando e amea\u00e7a a filha com essa informa\u00e7\u00e3o. Ezel vai \u00e0 casa de Serdar e mostra todas as provas que tem contra ele. Cengiz vai a julgamento e Eysan mente no depoimento. Cengiz \u00e9 condenado \u00e0 pris\u00e3o perp\u00e9tua. Meliah n\u00e3o se conforma com a condena\u00e7\u00e3o de Cengiz, mas Mert comemora. Cengiz liga para Eysan e diz que foi esfaqueado dentro da pris\u00e3o. Ali vai \u00e0 casa de Ezel e aponta uma arma para ele. Ali decide contar a Bahar que Eysan e Ezel est\u00e3o juntos. Eysan vai \u00e0 casa de Ezel para terminar tudo, mas os dois acabam sendo flagrados por Bahar, que fica arrasada. Serdar visita Cengiz na pris\u00e3o e conta que viu Ali, Eysan e Ezel conversando.<\/p>\n<p>(*) edi\u00e7\u00e3o da Band, Novela \u201cEzel\u201d, sujeito a altera\u00e7\u00e3o de data e conte\u00fado.<\/p>\n<p>Sinopse: a novela conta a hist\u00f3ria de Omer, um rapaz de bom cora\u00e7\u00e3o que foi acusado injustamente, pelo seu melhor amigo Cengiz, de cometer crimes. E mais, sua namorada, Eysan, participa da arma\u00e7\u00e3o. Para ele a trai\u00e7\u00e3o da namorada foi a pior coisa que poderia ter acontecido.<\/p>\n<p>Omer \u00e9 preso. Quatros anos ap\u00f3s a sua pris\u00e3o, acontece um terr\u00edvel inc\u00eandio na penitenci\u00e1ria e o rapaz \u00e9 dado como morto. Com a ajuda de um amigo, ele se submete a v\u00e1rias cirurgias pl\u00e1sticas e muda o rosto, al\u00e9m de adotar uma nova identidade: agora ele \u00e9 Ezel.<\/p>\n","protected":false},"excerpt":{"rendered":"<p>Novela \u201cEzel\u201d resumo 08\/02: no capitulo 081 (*), novela \u201cEzel\u201d, quarta-feira, 08 de fevereiro, Ezel \u00e9 libertado e encontra Bahar e Eysan na sa\u00edda. Bahar desiste do tratamento e Ezel fica bravo com ela. Serdar v\u00ea Ezel e Eysan se beijando e amea\u00e7a a filha com essa informa\u00e7\u00e3o. Ezel vai \u00e0 casa de Serdar e [&hellip;]<\/p>\n","protected":false},"author":2,"featured_media":98061,"comment_status":"open","ping_status":"closed","sticky":false,"template":"","format":"standard","meta":{"tdm_status":"","tdm_grid_status":"","footnotes":""},"categories":[390,379,343],"tags":[441],"class_list":{"0":"post-106322","1":"post","2":"type-post","3":"status-publish","4":"format-standard","5":"has-post-thumbnail","7":"category-band","8":"category-novelas","9":"category-televisao","10":"tag-resumo-do-dia"},"_links":{"self":[{"href":"https:\/\/migracao.redenoticia.com.br\/noticia\/wp-json\/wp\/v2\/posts\/106322","targetHints":{"allow":["GET"]}}],"collection":[{"href":"https:\/\/migracao.redenoticia.com.br\/noticia\/wp-json\/wp\/v2\/posts"}],"about":[{"href":"https:\/\/migracao.redenoticia.com.br\/noticia\/wp-json\/wp\/v2\/types\/post"}],"author":[{"embeddable":true,"href":"https:\/\/migracao.redenoticia.com.br\/noticia\/wp-json\/wp\/v2\/users\/2"}],"replies":[{"embeddable":true,"href":"https:\/\/migracao.redenoticia.com.br\/noticia\/wp-json\/wp\/v2\/comments?post=106322"}],"version-history":[{"count":0,"href":"https:\/\/migracao.redenoticia.com.br\/noticia\/wp-json\/wp\/v2\/posts\/106322\/revisions"}],"wp:featuredmedia":[{"embeddable":true,"href":"https:\/\/migracao.redenoticia.com.br\/noticia\/wp-json\/wp\/v2\/media\/98061"}],"wp:attachment":[{"href":"https:\/\/migracao.redenoticia.com.br\/noticia\/wp-json\/wp\/v2\/media?parent=106322"}],"wp:term":[{"taxonomy":"category","embeddable":true,"href":"https:\/\/migracao.redenoticia.com.br\/noticia\/wp-json\/wp\/v2\/categories?post=106322"},{"taxonomy":"post_tag","embeddable":true,"href":"https:\/\/migracao.redenoticia.com.br\/noticia\/wp-json\/wp\/v2\/tags?post=106322"}],"curies":[{"name":"wp","href":"https:\/\/api.w.org\/{rel}","templated":true}]}}