{"id":106342,"date":"2017-02-07T18:25:24","date_gmt":"2017-02-07T20:25:24","guid":{"rendered":"http:\/\/www.redenoticia.com.br\/noticia\/?p=106342"},"modified":"2017-02-07T17:12:35","modified_gmt":"2017-02-07T19:12:35","slug":"resumo-novela-sol-nascente-0802-cesar-visita-alice-na-cadeia","status":"publish","type":"post","link":"https:\/\/migracao.redenoticia.com.br\/noticia\/2017\/resumo-novela-sol-nascente-0802-cesar-visita-alice-na-cadeia\/106342","title":{"rendered":"Resumo novela \u201cSol Nascente\u201d 08\/02: C\u00e9sar visita Alice na cadeia"},"content":{"rendered":"<p><img loading=\"lazy\" decoding=\"async\" class=\"alignleft size-thumbnail wp-image-91714\" src=\"https:\/\/migracao.redenoticia.com.br\/noticia\/imagens\/sol_nascente_resumo_novela_globo-150x112.jpg\" alt=\"sol_nascente_resumo_novela_globo\" width=\"150\" height=\"112\" srcset=\"https:\/\/migracao.redenoticia.com.br\/noticia\/imagens\/sol_nascente_resumo_novela_globo-150x112.jpg 150w, https:\/\/migracao.redenoticia.com.br\/noticia\/imagens\/sol_nascente_resumo_novela_globo-265x198.jpg 265w\" sizes=\"auto, (max-width: 150px) 100vw, 150px\" \/><strong><em>Resumo novela \u201cSol Nascente\u201d 08\/02<\/em><\/strong>: no cap\u00edtulo 140(*) da novela \u201cSol Nascente\u201d, resumo de quarta-feira, 08 de fevereiro, Alice sofre na delegacia. Tanaka e Mocinha se declaram um para o outro. Hir\u00f4 se surpreende com a performance de Akira na noite de n\u00fapcias, mas Satiko chega e interrompe o casal. Milena e Ralf se preocupam com Mario e Alice. Gaetano revela a Tanaka que Alice est\u00e1 sendo acusada de ter assassinado Jo\u00e3o Amaro. Alice comenta com Renata que acredita que o depoimento de Mario n\u00e3o ir\u00e1 ajud\u00e1-la. Patrick conta a J\u00falia que Wagner foi encontrado, mas que est\u00e1 desmemoriado. Mocinha exige que Sinh\u00e1 interrompa sua vingan\u00e7a contra a fam\u00edlia de Tanaka. Cesar visita Alice na pris\u00e3o.<\/p>\n<p>(*) edi\u00e7\u00e3o da Rede Globo, Novela \u201cSol Nascente\u201d, sujeito a altera\u00e7\u00e3o de data e conte\u00fado.<\/p>\n<p>Sol Nascente \u00e9 uma telenovela brasileira produzida pela Rede Globo e exibida desde 29 de agosto de 2016, no hor\u00e1rio das 18 horas, substituindo \u00cata Mundo Bom!. Escrita por Walther Negr\u00e3o, Suzana Pires e J\u00falio Fischer, com a colabora\u00e7\u00e3o de Jackie Vellego e Fausto Galv\u00e3o, com dire\u00e7\u00e3o geral de Marcelo Travesso e Leonardo Nogueira, tamb\u00e9m diretor art\u00edstico. Conta com as participa\u00e7\u00f5es de Giovanna Antonelli, Bruno Gagliasso, Rafael Cardoso, Lu\u00eds Melo, Francisco Cuoco, Aracy Balabanian, Laura Cardoso e Marcello Novaes.<\/p>\n","protected":false},"excerpt":{"rendered":"<p>Resumo novela \u201cSol Nascente\u201d 08\/02: no cap\u00edtulo 140(*) da novela \u201cSol Nascente\u201d, resumo de quarta-feira, 08 de fevereiro, Alice sofre na delegacia. Tanaka e Mocinha se declaram um para o outro. Hir\u00f4 se surpreende com a performance de Akira na noite de n\u00fapcias, mas Satiko chega e interrompe o casal. Milena e Ralf se preocupam [&hellip;]<\/p>\n","protected":false},"author":4,"featured_media":91714,"comment_status":"open","ping_status":"closed","sticky":false,"template":"","format":"standard","meta":{"tdm_status":"","tdm_grid_status":"","footnotes":""},"categories":[379,375,343],"tags":[441],"class_list":{"0":"post-106342","1":"post","2":"type-post","3":"status-publish","4":"format-standard","5":"has-post-thumbnail","7":"category-novelas","8":"category-rede-globo","9":"category-televisao","10":"tag-resumo-do-dia"},"_links":{"self":[{"href":"https:\/\/migracao.redenoticia.com.br\/noticia\/wp-json\/wp\/v2\/posts\/106342","targetHints":{"allow":["GET"]}}],"collection":[{"href":"https:\/\/migracao.redenoticia.com.br\/noticia\/wp-json\/wp\/v2\/posts"}],"about":[{"href":"https:\/\/migracao.redenoticia.com.br\/noticia\/wp-json\/wp\/v2\/types\/post"}],"author":[{"embeddable":true,"href":"https:\/\/migracao.redenoticia.com.br\/noticia\/wp-json\/wp\/v2\/users\/4"}],"replies":[{"embeddable":true,"href":"https:\/\/migracao.redenoticia.com.br\/noticia\/wp-json\/wp\/v2\/comments?post=106342"}],"version-history":[{"count":0,"href":"https:\/\/migracao.redenoticia.com.br\/noticia\/wp-json\/wp\/v2\/posts\/106342\/revisions"}],"wp:featuredmedia":[{"embeddable":true,"href":"https:\/\/migracao.redenoticia.com.br\/noticia\/wp-json\/wp\/v2\/media\/91714"}],"wp:attachment":[{"href":"https:\/\/migracao.redenoticia.com.br\/noticia\/wp-json\/wp\/v2\/media?parent=106342"}],"wp:term":[{"taxonomy":"category","embeddable":true,"href":"https:\/\/migracao.redenoticia.com.br\/noticia\/wp-json\/wp\/v2\/categories?post=106342"},{"taxonomy":"post_tag","embeddable":true,"href":"https:\/\/migracao.redenoticia.com.br\/noticia\/wp-json\/wp\/v2\/tags?post=106342"}],"curies":[{"name":"wp","href":"https:\/\/api.w.org\/{rel}","templated":true}]}}